{"id":77053,"date":"2020-02-26T11:15:57","date_gmt":"2020-02-26T16:15:57","guid":{"rendered":"http:\/\/elcuartopoder.com.mx\/nw\/?p=77053"},"modified":"2020-02-26T11:30:17","modified_gmt":"2020-02-26T16:30:17","slug":"denuncian-alumnas-a-dos-maestros-de-bachilleres-2-por-acoso-sexual","status":"publish","type":"post","link":"https:\/\/elcuartopoder.com.mx\/nw\/estatales\/denuncian-alumnas-a-dos-maestros-de-bachilleres-2-por-acoso-sexual\/","title":{"rendered":"Denuncian alumnas a dos maestros de &#8216;Bachilleres 2&#8217; por acoso sexual"},"content":{"rendered":"\n<div class=\"wp-block-image\"><figure class=\"alignright\"><img decoding=\"async\" src=\"https:\/\/images.sipse.com\/NWGuXnQUC3pvGS4oDaNw1QO4Ars=\/fit-in\/580x500\/2020\/02\/25\/1582650132699.jpg\" alt=\"\"\/><\/figure><\/div>\n\n\n\n<p>CANC\u00daN.- A trav\u00e9s de redes sociales, dos profesores del&nbsp;<strong>Colegio de Bachilleres Plantes 2 de Canc\u00fan<\/strong>&nbsp;fueron se\u00f1alados por alumnas de acosarlas sexualmente.<\/p>\n\n\n\n<p>Uno de ellos es<strong>\u00a0Marcos N<\/strong>, a quien una egresada se\u00f1al\u00f3 de haberla acosado sexualmente y de molestarla en mensajes privados.<\/p>\n\n\n\n<p>\u201cMe fui a quejar con la <strong>Lic Mar\u00eda Jos\u00e9<\/strong>\u00a0que no hizo nada y le dije que \u00e9l hab\u00eda subido hasta 3 puntos a varias chavas de mi sal\u00f3n (algunas dejaron en blanco el examen) y le di nombres, no me hizo caso. El profesor me dec\u00eda de cosas en el sal\u00f3n y en Messenger, as\u00ed como a otras amigas. Perd\u00ed un a\u00f1o de uni porque yo no me dej\u00e9 y no permit\u00ed de m\u00e1s\u201d (sic), se\u00f1ala una publicaci\u00f3n subida hace unos d\u00edas. <\/p>\n\n\n\n<figure class=\"wp-block-image\"><img decoding=\"async\" src=\"https:\/\/images.sipse.com\/O19gkSxMO2FQAPl_k-gB8sLTycc=\/fit-in\/580x500\/2020\/02\/25\/1582650180998.jpg\" alt=\"\"\/><\/figure>\n\n\n\n<p>El caso sali\u00f3 a la luz a ra\u00edz de que el plantel anunci\u00f3 su<strong>\u00a0respaldo al movimiento convocado para el 9 de marzo<\/strong>\u00a0de \u201cun d\u00eda sin mujeres\u201d, a lo que algunos usuarios reclamaron el supuesto hecho de que no atendido denuncias relacionados con presuntos de acosa hacia las estudiantes. <\/p>\n\n\n\n<p><strong>\u201cYA VI QUE SE UNIERON AL PARO DEL 9 DE MARZO<\/strong>, como escuela me gustar\u00eda que tengan tantita coherencia, varias chicas lo han reportado desde hace a\u00f1os, esto no es de \u201cahora\u201d y no han hecho nada con la excusa de que son profesores sindicalizados y no se les puede tocar pero ellos si nos pueden tocar a nosotras. Bastante presumen de su prestigio como escuela, aqu\u00ed est\u00e1 su prestigio\u201d, remat\u00f3 la publicaci\u00f3n.<\/p>\n\n\n\n<p>A trav\u00e9s de sus redes sociales, el Colegio de Bachilleres plantel 2 de Canc\u00fan, anunci\u00f3 la\u00a0<strong>suspensi\u00f3n de dos profesores se\u00f1alados<\/strong>\u00a0y que se est\u00e1n haciendo las investigaciones para aplicar las medidas administrativas y legales.<\/p>\n\n\n\n<figure class=\"wp-block-embed-facebook wp-block-embed is-type-rich is-provider-facebook\"><div class=\"wp-block-embed__wrapper\">\n<div id=\"fb-root\"><\/div><script async=\"1\" defer=\"1\" crossorigin=\"anonymous\" src=\"https:\/\/connect.facebook.net\/en_US\/sdk.js#xfbml=1&amp;version=v6.0\"><\/script><div class=\"fb-post\" data-href=\"https:\/\/www.facebook.com\/cobachdoscancun.bachodos\/photos\/a.673172846218188\/1217020535166747\/?type=3\" data-width=\"696\"><blockquote cite=\"https:\/\/www.facebook.com\/cobachdoscancun.bachodos\/photos\/a.673172846218188\/1217020535166747\/?type=3\" class=\"fb-xfbml-parse-ignore\">Posted by <a href=\"https:\/\/www.facebook.com\/cobachdoscancun.bachodos\/\">Colegio de Bachilleres plantel Canc\u00fan Dos<\/a> on&nbsp;<a href=\"https:\/\/www.facebook.com\/cobachdoscancun.bachodos\/photos\/a.673172846218188\/1217020535166747\/?type=3\">Monday, February 24, 2020<\/a><\/blockquote><\/div>\n<\/div><\/figure>\n\n\n\n<p>\u201c<strong>Reprobamos este tipo de comportamiento<\/strong>\u00a0que atenta contra la integridad de los estudiantes y denigra el prestigio de esta instituci\u00f3n, por tanto, se actuar\u00e1 en consecuencia\u201d, se\u00f1ala el circular.<\/p>\n\n\n\n<p><strong>Fuente:<\/strong> SIPSE<\/p>\n","protected":false},"excerpt":{"rendered":"<p>CANC\u00daN.- A trav\u00e9s de redes sociales, dos profesores del&nbsp;Colegio de Bachilleres Plantes 2 de Canc\u00fan&nbsp;fueron se\u00f1alados por alumnas de acosarlas sexualmente. Uno de ellos es\u00a0Marcos N, a quien una egresada se\u00f1al\u00f3 de haberla acosado sexualmente y de molestarla en mensajes privados. \u201cMe fui a quejar con la Lic Mar\u00eda Jos\u00e9\u00a0que no hizo nada y le [&hellip;]<\/p>\n","protected":false},"author":2,"featured_media":77054,"comment_status":"open","ping_status":"open","sticky":false,"template":"","format":"standard","meta":{"footnotes":""},"categories":[60],"tags":[],"class_list":["post-77053","post","type-post","status-publish","format-standard","has-post-thumbnail","hentry","category-estatales"],"_links":{"self":[{"href":"https:\/\/elcuartopoder.com.mx\/nw\/wp-json\/wp\/v2\/posts\/77053","targetHints":{"allow":["GET"]}}],"collection":[{"href":"https:\/\/elcuartopoder.com.mx\/nw\/wp-json\/wp\/v2\/posts"}],"about":[{"href":"https:\/\/elcuartopoder.com.mx\/nw\/wp-json\/wp\/v2\/types\/post"}],"author":[{"embeddable":true,"href":"https:\/\/elcuartopoder.com.mx\/nw\/wp-json\/wp\/v2\/users\/2"}],"replies":[{"embeddable":true,"href":"https:\/\/elcuartopoder.com.mx\/nw\/wp-json\/wp\/v2\/comments?post=77053"}],"version-history":[{"count":1,"href":"https:\/\/elcuartopoder.com.mx\/nw\/wp-json\/wp\/v2\/posts\/77053\/revisions"}],"predecessor-version":[{"id":77055,"href":"https:\/\/elcuartopoder.com.mx\/nw\/wp-json\/wp\/v2\/posts\/77053\/revisions\/77055"}],"wp:featuredmedia":[{"embeddable":true,"href":"https:\/\/elcuartopoder.com.mx\/nw\/wp-json\/wp\/v2\/media\/77054"}],"wp:attachment":[{"href":"https:\/\/elcuartopoder.com.mx\/nw\/wp-json\/wp\/v2\/media?parent=77053"}],"wp:term":[{"taxonomy":"category","embeddable":true,"href":"https:\/\/elcuartopoder.com.mx\/nw\/wp-json\/wp\/v2\/categories?post=77053"},{"taxonomy":"post_tag","embeddable":true,"href":"https:\/\/elcuartopoder.com.mx\/nw\/wp-json\/wp\/v2\/tags?post=77053"}],"curies":[{"name":"wp","href":"https:\/\/api.w.org\/{rel}","templated":true}]}}