{"id":79475,"date":"2020-05-18T11:10:36","date_gmt":"2020-05-18T16:10:36","guid":{"rendered":"http:\/\/elcuartopoder.com.mx\/nw\/?p=79475"},"modified":"2020-05-18T11:10:38","modified_gmt":"2020-05-18T16:10:38","slug":"separacion-del-poder-politico-del-economico-sin-hostilidad","status":"publish","type":"post","link":"https:\/\/elcuartopoder.com.mx\/nw\/nacionales\/separacion-del-poder-politico-del-economico-sin-hostilidad\/","title":{"rendered":"Separaci\u00f3n del poder pol\u00edtico del econ\u00f3mico sin hostilidad"},"content":{"rendered":"\n<p>La separaci\u00f3n del&nbsp;<strong>poder pol\u00edtico<\/strong>&nbsp;del&nbsp;<strong>poder econ\u00f3mico<\/strong>&nbsp;es uno de los principios de la&nbsp;<strong>administraci\u00f3n L\u00f3pez Obrador<\/strong>&nbsp;para asegurar que la&nbsp;<strong>cuarta transformaci\u00f3n<\/strong>&nbsp;no se vea involucrada o salpicada por la&nbsp;<strong>corrupci\u00f3n<\/strong>&nbsp;de realizar negocios al amparo del poder pol\u00edtico.<\/p>\n\n\n\n<p>La incorporaci\u00f3n del regiomontano, Alfonso Romo Garza, como jefe de oficina de la Presidencia de la Rep\u00fablica, gener\u00f3 una se\u00f1al positiva para la&nbsp;<strong>clase empresarial<\/strong>&nbsp;y la sociedad al contar con un representante de la iniciativa privada en el gobierno del Presidente de la Rep\u00fablica y as\u00ed evitar la confrontaci\u00f3n con gran parte de la iniciativa privada catalogada por el Presidente como \u201c<strong>mafia del poder<\/strong>\u201d.<\/p>\n\n\n\n<p>Otro signo alentador de un di\u00e1logo entre el poder econ\u00f3mico y el nuevo poder pol\u00edtico fue la creaci\u00f3n del&nbsp;<strong>Consejo para el Fomento a la Inversi\u00f3n, el Empleo y el Crecimiento Econ\u00f3mico<\/strong>, liderado por el regiomontano, con integrantes de la iniciativa privada como&nbsp;<strong>Ricardo Salinas Pliego<\/strong>&nbsp;de TV Azteca;&nbsp;<strong>Olegario V\u00e1zquez Aldir<\/strong>&nbsp;de Grupo \u00c1ngeles;&nbsp;<strong>Bernardo G\u00f3mez<\/strong>&nbsp;de Televisa,&nbsp;<strong>Carlos Hank Gonz\u00e1lez<\/strong>&nbsp;de Grupo Banorte,&nbsp;<strong>Daniel Ch\u00e1vez<\/strong>, presidente de&nbsp;Grupo&nbsp;Vidanta;&nbsp;<strong>Miguel Rinc\u00f3n<\/strong>, presidente ejecutivo de Bio Pappel;&nbsp;<strong>Sergio Guti\u00e9rrez&nbsp;Muguerza<\/strong>, presidente de DeAcero, y&nbsp;<strong>Miguel Alem\u00e1n Magnani<\/strong>, presidente de Interjet, al que se le dio personalidad jur\u00eddica con la publicaci\u00f3n en el&nbsp;<strong>Diario Oficial de la Federaci\u00f3n<\/strong>&nbsp;(DOF) de este mecanismo para impulsar la actividad econ\u00f3mica.<\/p>\n\n\n\n<p>Pero esta relaci\u00f3n que parecer\u00eda fruct\u00edfera y sana para el desempe\u00f1o de la naci\u00f3n, parece que ha quedado en la letra muerta, ya que el Presidente de la Rep\u00fablica, Andr\u00e9s Manuel L\u00f3pez Obrador, y algunos integrantes de Morena, constantemente aluden a los tiempos pasados y los beneficios econ\u00f3micos que se generaron por la corrupci\u00f3n del poder pol\u00edtico y econ\u00f3mico.<\/p>\n\n\n\n<p>Sin embargo, este d\u00eda, la presidenta del&nbsp;<strong>Consejo Empresarial de Empresas Globales<\/strong>&nbsp;(CEEG), Claudia Ja\u00f1ez S\u00e1nchez, se\u00f1al\u00f3 que debe terminar la \u201c<strong>hostilidad<\/strong>\u201d contra el&nbsp;<strong>capital privado<\/strong>&nbsp;porque les dificulta convencer a sus casas matrices sobre los beneficios de invertir en M\u00e9xico, ya que se cambian reglas del juego, lo que genera&nbsp;<strong>incertidumbre<\/strong>&nbsp;para el sector privado nacional y extranjero.<\/p>\n\n\n\n<p>Adem\u00e1s, varios integrantes del sector privado sostienen que el<strong>&nbsp;gobierno federal<\/strong>&nbsp;debe abrirse a un di\u00e1logo para generar la f\u00f3rmula del crecimiento econ\u00f3mico con inversi\u00f3n y empleo.<\/p>\n\n\n\n<p>La misma administraci\u00f3n federal reconoce su enorme limitaci\u00f3n para invertir en el desarrollo nacional, ya que&nbsp;<strong>por cada peso que invierte, la iniciativa privada pone siete<\/strong>.<\/p>\n\n\n\n<p>En fin, habr\u00e1 que ver c\u00f3mo se resuelve este vericueto de la separaci\u00f3n del poder pol\u00edtico del econ\u00f3mico, sin afectar el desarrollo de los mexicanos y de la estabilidad econ\u00f3mica que viene desde el neoliberalismo.<\/p>\n\n\n\n<p>El desaf\u00edo no es sencillo: demostrar que la cuarta transformaci\u00f3n no es un peligro para el pa\u00eds, as\u00ed como generar los caminos para un desarrollo incluyente y democr\u00e1tico.<\/p>\n\n\n\n<p><strong>Fuente:<\/strong> DNF<\/p>\n","protected":false},"excerpt":{"rendered":"<p>La separaci\u00f3n del&nbsp;poder pol\u00edtico&nbsp;del&nbsp;poder econ\u00f3mico&nbsp;es uno de los principios de la&nbsp;administraci\u00f3n L\u00f3pez Obrador&nbsp;para asegurar que la&nbsp;cuarta transformaci\u00f3n&nbsp;no se vea involucrada o salpicada por la&nbsp;corrupci\u00f3n&nbsp;de realizar negocios al amparo del poder pol\u00edtico. La incorporaci\u00f3n del regiomontano, Alfonso Romo Garza, como jefe de oficina de la Presidencia de la Rep\u00fablica, gener\u00f3 una se\u00f1al positiva para la&nbsp;clase empresarial&nbsp;y [&hellip;]<\/p>\n","protected":false},"author":2,"featured_media":79476,"comment_status":"open","ping_status":"open","sticky":false,"template":"","format":"standard","meta":{"footnotes":""},"categories":[55],"tags":[],"class_list":["post-79475","post","type-post","status-publish","format-standard","has-post-thumbnail","hentry","category-nacionales"],"_links":{"self":[{"href":"https:\/\/elcuartopoder.com.mx\/nw\/wp-json\/wp\/v2\/posts\/79475","targetHints":{"allow":["GET"]}}],"collection":[{"href":"https:\/\/elcuartopoder.com.mx\/nw\/wp-json\/wp\/v2\/posts"}],"about":[{"href":"https:\/\/elcuartopoder.com.mx\/nw\/wp-json\/wp\/v2\/types\/post"}],"author":[{"embeddable":true,"href":"https:\/\/elcuartopoder.com.mx\/nw\/wp-json\/wp\/v2\/users\/2"}],"replies":[{"embeddable":true,"href":"https:\/\/elcuartopoder.com.mx\/nw\/wp-json\/wp\/v2\/comments?post=79475"}],"version-history":[{"count":1,"href":"https:\/\/elcuartopoder.com.mx\/nw\/wp-json\/wp\/v2\/posts\/79475\/revisions"}],"predecessor-version":[{"id":79477,"href":"https:\/\/elcuartopoder.com.mx\/nw\/wp-json\/wp\/v2\/posts\/79475\/revisions\/79477"}],"wp:featuredmedia":[{"embeddable":true,"href":"https:\/\/elcuartopoder.com.mx\/nw\/wp-json\/wp\/v2\/media\/79476"}],"wp:attachment":[{"href":"https:\/\/elcuartopoder.com.mx\/nw\/wp-json\/wp\/v2\/media?parent=79475"}],"wp:term":[{"taxonomy":"category","embeddable":true,"href":"https:\/\/elcuartopoder.com.mx\/nw\/wp-json\/wp\/v2\/categories?post=79475"},{"taxonomy":"post_tag","embeddable":true,"href":"https:\/\/elcuartopoder.com.mx\/nw\/wp-json\/wp\/v2\/tags?post=79475"}],"curies":[{"name":"wp","href":"https:\/\/api.w.org\/{rel}","templated":true}]}}