{"id":79481,"date":"2020-05-18T11:29:24","date_gmt":"2020-05-18T16:29:24","guid":{"rendered":"http:\/\/elcuartopoder.com.mx\/nw\/?p=79481"},"modified":"2020-05-18T11:29:27","modified_gmt":"2020-05-18T16:29:27","slug":"si-eran-la-mafia-del-poder-y-el-poder-de-la-mafia","status":"publish","type":"post","link":"https:\/\/elcuartopoder.com.mx\/nw\/editorial\/si-eran-la-mafia-del-poder-y-el-poder-de-la-mafia\/","title":{"rendered":"\u2026S\u00ed, eran la mafia del poder y el poder de la mafia"},"content":{"rendered":"\n<p>Como candidato,&nbsp;<strong>Andr\u00e9s Manuel L\u00f3pez Obrador<\/strong>&nbsp;sab\u00eda muy bien cu\u00e1l era el m\u00e1s grande problema que envolv\u00eda al pa\u00eds. Como presidente, est\u00e1 desmantelando las piezas m\u00e1s s\u00f3lidas de la estructura que lo constituyen. Porque, como lo dijo tantas veces, M\u00e9xico, efectivamente, estaba bajo el domino de la&nbsp;<strong>mafia del poder<\/strong>. Y el poder de la mafia aprovechaba instituciones, leyes, personas y recursos para su exclusivo beneficio.<\/p>\n\n\n\n<p>Parafraseando al Rey Sol,<strong>&nbsp;Luis XIV<\/strong>, quien expres\u00f3: \u201cEl Estado soy yo\u201d, para imponer su voluntad en todo y vivificar el absolutismo durante 72 a\u00f1os, los grupos que gobernaron al pa\u00eds durante casi un siglo lo expresaron con hechos y, sobre la m\u00e1xima de la complicidad, se asumieron como \u201cEl Estado somos nosotros\u201d.<\/p>\n\n\n\n<p>As\u00ed, desde el Presidente de la Rep\u00fablica hasta el \u201cregidor\u201d m\u00e1s humilde, se apropiaron del patrimonio nacional mediante la observancia y la casi sagrada costumbre de cubrir, unos a otros, las corruptelas y excesos que comet\u00edan, elementos generadores de las llamadas comaladas de nuevos ricos.<\/p>\n\n\n\n<p>De manera ininterrumpida, el sistema de dominaci\u00f3n priista se reafirm\u00f3 sobre la corrupci\u00f3n, la cooptaci\u00f3n y la imposici\u00f3n de esas pr\u00e1cticas por cualquier medio. El caudillismo deriv\u00f3 en \u00e9lites que, a\u00fan con sus \u201cdiferencias\u201d, que nunca fueron m\u00e1s que las de sus intereses, siempre se pusieron de acuerdo para mantener su actividad depredadora de la riqueza nacional. En ese infame saqueo, han participado, en cualquier medida, cuantos han accedido a cargos p\u00fablicos, vistos estos siempre como un ping\u00fce negocio.<\/p>\n\n\n\n<p>Por eso, la hegemon\u00eda priista era tan codiciada por la oposici\u00f3n; el PAN dej\u00f3 de conformarse con migajas, pele\u00f3 por todo y lo obtuvo con la alternancia del 2000, que fue un decepcionante fracaso. En busca de tajada, todos los partidos se unieron en el&nbsp;<strong>Pacto por M\u00e9xico<\/strong>. El atraco se multiplic\u00f3 y muchos problemas no s\u00f3lo no se resolvieron, sino que se agudizaron y emergieron otros con m\u00e1s virulencia, como el de la criminalidad, que ah\u00ed sigue.<\/p>\n\n\n\n<p>Pero la peor expresi\u00f3n de \u00e9sta, se mantuvo. La mafia del poder, visualizada con tanta antelaci\u00f3n y agudeza por el presidente L\u00f3pez Obrador, no ha dejado de actuar. La encabeza el mismo capo di tutti capi. Sus ac\u00f3litos se han plegado siempre a sus dictados. Juntos, se adue\u00f1aron y controlaron todos los actores y mecanismos de beneficio y de justicia que les garantizaron ganancia, impunidad y reincidencia.<\/p>\n\n\n\n<p>Empero, ese poder mafioso ha comenzado a declinar. Est\u00e1 puesto en la picota. Varios de sus principales operadores, como los abogados coludidos con ministerios p\u00fablicos, jueces, magistrados y hasta ministros, parecen ser apenas el comienzo.<\/p>\n\n\n\n<p>Si el prop\u00f3sito presidencial de desmontar ese poder sigue adelante, de lo cual no hay duda, es de esperar que se seguir\u00e1n viendo acciones y decisiones inimaginadas, hist\u00f3ricas, que s\u00f3lo son dables en quien repudia los delitos del y desde el poder y que, con una autoridad moral incuestionable y un amplio respaldo social, tiene la determinaci\u00f3n de liberar de ese lastre a la Rep\u00fablica.<\/p>\n\n\n\n<p><strong>Sotto Voce<\/strong>\u2026 Dignidad y justicia, que la inteligencia y trayectoria; honradez y discreci\u00f3n, as\u00ed como los servicios prestados a la Naci\u00f3n por do\u00f1a\u00a0<strong>Olga S\u00e1nchez Cordero<\/strong>, sean ponderados y reconocidos por uno de los pol\u00edticos m\u00e1s reputados y brillantes que ha tenido M\u00e9xico:\u00a0<strong>Porfirio Mu\u00f1oz Ledo<\/strong>\u2026En la Ley de Austeridad, deber\u00eda considerarse la aplicaci\u00f3n de severas sanciones a exfuncionarios que utilicen informaci\u00f3n privilegiada desde el sector privado, pero no condenarlos a que se queden sin empleo, menos por diez a\u00f1os, como se pretende ahora\u2026<\/p>\n\n\n\n<p><strong>Fuente: <\/strong>eluniversal<\/p>\n","protected":false},"excerpt":{"rendered":"<p>Como candidato,&nbsp;Andr\u00e9s Manuel L\u00f3pez Obrador&nbsp;sab\u00eda muy bien cu\u00e1l era el m\u00e1s grande problema que envolv\u00eda al pa\u00eds. Como presidente, est\u00e1 desmantelando las piezas m\u00e1s s\u00f3lidas de la estructura que lo constituyen. Porque, como lo dijo tantas veces, M\u00e9xico, efectivamente, estaba bajo el domino de la&nbsp;mafia del poder. Y el poder de la mafia aprovechaba instituciones, [&hellip;]<\/p>\n","protected":false},"author":2,"featured_media":79482,"comment_status":"open","ping_status":"open","sticky":false,"template":"","format":"standard","meta":{"footnotes":""},"categories":[63],"tags":[],"class_list":["post-79481","post","type-post","status-publish","format-standard","has-post-thumbnail","hentry","category-editorial"],"_links":{"self":[{"href":"https:\/\/elcuartopoder.com.mx\/nw\/wp-json\/wp\/v2\/posts\/79481","targetHints":{"allow":["GET"]}}],"collection":[{"href":"https:\/\/elcuartopoder.com.mx\/nw\/wp-json\/wp\/v2\/posts"}],"about":[{"href":"https:\/\/elcuartopoder.com.mx\/nw\/wp-json\/wp\/v2\/types\/post"}],"author":[{"embeddable":true,"href":"https:\/\/elcuartopoder.com.mx\/nw\/wp-json\/wp\/v2\/users\/2"}],"replies":[{"embeddable":true,"href":"https:\/\/elcuartopoder.com.mx\/nw\/wp-json\/wp\/v2\/comments?post=79481"}],"version-history":[{"count":1,"href":"https:\/\/elcuartopoder.com.mx\/nw\/wp-json\/wp\/v2\/posts\/79481\/revisions"}],"predecessor-version":[{"id":79483,"href":"https:\/\/elcuartopoder.com.mx\/nw\/wp-json\/wp\/v2\/posts\/79481\/revisions\/79483"}],"wp:featuredmedia":[{"embeddable":true,"href":"https:\/\/elcuartopoder.com.mx\/nw\/wp-json\/wp\/v2\/media\/79482"}],"wp:attachment":[{"href":"https:\/\/elcuartopoder.com.mx\/nw\/wp-json\/wp\/v2\/media?parent=79481"}],"wp:term":[{"taxonomy":"category","embeddable":true,"href":"https:\/\/elcuartopoder.com.mx\/nw\/wp-json\/wp\/v2\/categories?post=79481"},{"taxonomy":"post_tag","embeddable":true,"href":"https:\/\/elcuartopoder.com.mx\/nw\/wp-json\/wp\/v2\/tags?post=79481"}],"curies":[{"name":"wp","href":"https:\/\/api.w.org\/{rel}","templated":true}]}}