{"id":79484,"date":"2020-05-18T11:36:44","date_gmt":"2020-05-18T16:36:44","guid":{"rendered":"http:\/\/elcuartopoder.com.mx\/nw\/?p=79484"},"modified":"2020-05-18T11:36:50","modified_gmt":"2020-05-18T16:36:50","slug":"quienes-son-la-mafia-del-poder-que-significa-que-hacen","status":"publish","type":"post","link":"https:\/\/elcuartopoder.com.mx\/nw\/politica\/quienes-son-la-mafia-del-poder-que-significa-que-hacen\/","title":{"rendered":"\u00bfQui\u00e9nes son la mafia del poder, qu\u00e9 significa, qu\u00e9 hacen?"},"content":{"rendered":"\n<p>Escuchamos insistentemente en el eslogan de&nbsp;<strong>Andr\u00e9s Manuel L\u00f3pez Obrador<\/strong>&nbsp;\u201cLa mafia del poder\u201d&nbsp;\u00bfQui\u00e9nes son? \u00bfQu\u00e9 significa? Existen diferentes opiniones del origen de esta palabra; hay quien dice que viene de la derivaci\u00f3n de la acepci\u00f3n toscana&nbsp;<strong>maffia<\/strong>&nbsp;que significa miseria; otros dicen que puede venir de&nbsp;<strong>maufe<\/strong>&nbsp;que es el t\u00e9rmino con el cual los caballeros templarios designaban poderes ocultos y se utilizaban para una especie de dios del&nbsp;<strong>mal<\/strong>.<\/p>\n\n\n\n<p>La palabra&nbsp;<strong>mafia<\/strong>&nbsp;se refiere a un acr\u00f3nimo&nbsp;<em>MORTE ALLA FRANCIA ITALIA A\u00d1ORA<\/em>&nbsp;eslogan siciliano usado contra invasores franceses en el siglo XIII. en el c\u00f3digo penal de Italia, mafia es un t\u00e9rmino utilizado a nivel mundial que se refiere a una clase especial de crimen organizado, extendido desde su origen en el&nbsp;<em>Mezzogiorno<\/em>&nbsp;italiano a cualquier grupo de crimen organizado, con similares caracter\u00edsticas, independientemente de su origen.<\/p>\n\n\n\n<p>Esta palabra es usada para definir a una asociaci\u00f3n delictuosa, lo que es cierto es que nunca se ha se\u00f1alado qui\u00e9n o qui\u00e9nes son los integrantes de la llamada&nbsp;<strong>Mafia del poder.<\/strong><\/p>\n\n\n\n<p>La expectativa de que desaparezca es amplia -demasiado alta-, si es representada por el presidente en turno, esperamos entonces que \u00e9ste rinda cuentas y explique los n\u00fameros y las condiciones en las que entrega la naci\u00f3n.<\/p>\n\n\n\n<p>Pe\u00f1a entreg\u00f3 el poder el 2 de julio,&nbsp;<strong>AMLO<\/strong>&nbsp;desde ese d\u00eda tom\u00f3 la agenda nacional en sus manos.<\/p>\n\n\n\n<p><strong>EPN<\/strong>&nbsp;termina un sexenio dividiendo al&nbsp;<strong>PAN<\/strong>&nbsp;y exterminado a la oposici\u00f3n con su Pacto por&nbsp;<strong>M\u00e9xico<\/strong>, la factura les sali\u00f3 demasiado cara.<\/p>\n\n\n\n<p>Los empresarios amigos de&nbsp;<strong>EPN<\/strong>&nbsp;lo ven ahora con l\u00e1stima, ya no lo frecuentan, le dieron la espalda, desde el&nbsp;<strong>PRI<\/strong>&nbsp;piden su cabeza, los del&nbsp;<strong>PAN<\/strong>&nbsp;no tardan, un presidente diezmado, su \u00fanica esperanza es que&nbsp;<strong>AMLO<\/strong>&nbsp;respete el pacto de impunidad a cambio de ceder el poder. Si se realizara una encuesta para ver si puede ser sujeto a una investigaci\u00f3n votar\u00edan m\u00e1s de 30 millones de mexicanos.<\/p>\n\n\n\n<p>Si\u00a0<strong>AMLO<\/strong>\u00a0va a poner de moda las consultas, ser\u00e1 indudable la de si Pe\u00f1a debe o no ser juzgado, y de esa manera la decisi\u00f3n del pueblo ser\u00e1 un\u00e1nime. Siempre su gabinete dio de qu\u00e9 hablar, la impunidad y la corrupci\u00f3n lo persiguieron.\u00a0<strong>AMLO<\/strong> tiene un reto enorme.<\/p>\n\n\n\n<p>Los empresarios no la tienen f\u00e1cil, la reforma del C\u00f3digo Penal que incluye el delito de corrupci\u00f3n va con dedicatoria. \u00a1Sorpresa! Uno de los principales compradores de facturas es el gobierno, desconozco si&nbsp;<strong>EPN<\/strong>&nbsp;sab\u00eda de los negocios de sus colaboradores, en Profeco est\u00e1n perfectamente enterados, de los dem\u00e1s negocios habr\u00e1 que esperar, ya empezaron a salir los expedientes.<\/p>\n\n\n\n<p>La pregunta es \u00bf<strong>AMLO<\/strong>\u00a0exterminar\u00e1 a la mafia del poder o pasar\u00e1 a otras manos? Por el bien de M\u00e9xico urge unificar al pa\u00eds hoy dividido entre\u00a0<em>fif\u00eds<\/em>\u00a0y chairos, lejos de saber qui\u00e9n es la mafia, urge terminar con discursos clasistas o de lo contrario el pueblo empezar\u00e1 a tomar la justicia por su propia mano.<\/p>\n\n\n\n<p><strong>Fuente: <\/strong>heraldodemexico<\/p>\n","protected":false},"excerpt":{"rendered":"<p>Escuchamos insistentemente en el eslogan de&nbsp;Andr\u00e9s Manuel L\u00f3pez Obrador&nbsp;\u201cLa mafia del poder\u201d&nbsp;\u00bfQui\u00e9nes son? \u00bfQu\u00e9 significa? Existen diferentes opiniones del origen de esta palabra; hay quien dice que viene de la derivaci\u00f3n de la acepci\u00f3n toscana&nbsp;maffia&nbsp;que significa miseria; otros dicen que puede venir de&nbsp;maufe&nbsp;que es el t\u00e9rmino con el cual los caballeros templarios designaban poderes ocultos [&hellip;]<\/p>\n","protected":false},"author":2,"featured_media":79485,"comment_status":"open","ping_status":"open","sticky":false,"template":"","format":"standard","meta":{"footnotes":""},"categories":[61],"tags":[],"class_list":["post-79484","post","type-post","status-publish","format-standard","has-post-thumbnail","hentry","category-politica"],"_links":{"self":[{"href":"https:\/\/elcuartopoder.com.mx\/nw\/wp-json\/wp\/v2\/posts\/79484","targetHints":{"allow":["GET"]}}],"collection":[{"href":"https:\/\/elcuartopoder.com.mx\/nw\/wp-json\/wp\/v2\/posts"}],"about":[{"href":"https:\/\/elcuartopoder.com.mx\/nw\/wp-json\/wp\/v2\/types\/post"}],"author":[{"embeddable":true,"href":"https:\/\/elcuartopoder.com.mx\/nw\/wp-json\/wp\/v2\/users\/2"}],"replies":[{"embeddable":true,"href":"https:\/\/elcuartopoder.com.mx\/nw\/wp-json\/wp\/v2\/comments?post=79484"}],"version-history":[{"count":1,"href":"https:\/\/elcuartopoder.com.mx\/nw\/wp-json\/wp\/v2\/posts\/79484\/revisions"}],"predecessor-version":[{"id":79486,"href":"https:\/\/elcuartopoder.com.mx\/nw\/wp-json\/wp\/v2\/posts\/79484\/revisions\/79486"}],"wp:featuredmedia":[{"embeddable":true,"href":"https:\/\/elcuartopoder.com.mx\/nw\/wp-json\/wp\/v2\/media\/79485"}],"wp:attachment":[{"href":"https:\/\/elcuartopoder.com.mx\/nw\/wp-json\/wp\/v2\/media?parent=79484"}],"wp:term":[{"taxonomy":"category","embeddable":true,"href":"https:\/\/elcuartopoder.com.mx\/nw\/wp-json\/wp\/v2\/categories?post=79484"},{"taxonomy":"post_tag","embeddable":true,"href":"https:\/\/elcuartopoder.com.mx\/nw\/wp-json\/wp\/v2\/tags?post=79484"}],"curies":[{"name":"wp","href":"https:\/\/api.w.org\/{rel}","templated":true}]}}