{"id":79496,"date":"2020-05-18T14:40:45","date_gmt":"2020-05-18T19:40:45","guid":{"rendered":"http:\/\/elcuartopoder.com.mx\/nw\/?p=79496"},"modified":"2020-05-18T14:40:48","modified_gmt":"2020-05-18T19:40:48","slug":"hide-and-seek-el-documental-que-genero-investigacion-del-vaticano-en-la-iglesia-polaca-por-pederastia","status":"publish","type":"post","link":"https:\/\/elcuartopoder.com.mx\/nw\/entretenimiento\/espectaculos\/hide-and-seek-el-documental-que-genero-investigacion-del-vaticano-en-la-iglesia-polaca-por-pederastia\/","title":{"rendered":"Hide and Seek: el documental que gener\u00f3 investigaci\u00f3n del Vaticano en la iglesia polaca por pederastia"},"content":{"rendered":"\n<p>Berl\u00edn.- La <strong>Conferencia Episcopal de Polonia<\/strong>\u00a0ha pedido al\u00a0<strong>Vaticano<\/strong>\u00a0que investigue las denuncias de pederastia en el seno de la Iglesia denunciados en un documental emitido por el canal\u00a0<strong>YouTube<\/strong>\u00a0y centrado en los abusos sexuales a menores por un religioso.<\/p>\n\n\n\n<p>\u201cComo alto representante de la Conferencia Episcopal pido a la Santa Sede que abra un procedimiento investigador sobre esos contenidos\u201d, escribi\u00f3 en un comunicado el primado de Polonia, el arzobispo Wojciech Polak, seg\u00fan informaciones del canal de televisi\u00f3n polaco tvn24.<\/p>\n\n\n\n<p>La reacci\u00f3n de la Iglesia cat\u00f3lica polaca sigue a la difusi\u00f3n, el s\u00e1bado, del filme\u00a0<strong><em>Hide and Seek<\/em><\/strong>, el segundo documental firmado por los hermanos\u00a0<strong>Marek y Tomasz Sekielski<\/strong>, que recibi\u00f3 m\u00e1s de 1,9 millones de visitas a trav\u00e9s del canal YouTube.<\/p>\n\n\n\n<p>El primado polaco advierte de que los casos reflejados en ese documental \u201cvulneran la protecci\u00f3n a los menores\u201d observados por la Iglesia, por lo que pide la intervenci\u00f3n \u201cmotu propio\u201d de la Santa Sede, de acuerdo a los procedimientos establecidos por el Vaticano bajo el papa Francisco. <\/p>\n\n\n\n<p><strong>SEGUNDO DOCUMENTAL SOBRE LOS PECADOS DE LA IGLESIA<\/strong><\/p>\n\n\n\n<p>Los hermanos Sekielski levantaron ya ampollas en el seno de la iglesia cat\u00f3lica polaca en mayo de 2019, con la difusi\u00f3n de un primer documental donde sacaba a la luz lo que sus autores denominaban los \u201cpecados sistem\u00e1ticos de pederastia\u201d de sus religiosos.<\/p>\n\n\n\n<p>En este segundo filme, los cineastas se centran en los casos de tres hermanos, todos ellos menores y v\u00edctimas de los abusos sexuales por parte de un mismo sacerdote.<\/p>\n\n\n\n<p>La primera de las cintas, cuyo t\u00edtulo se traducir\u00eda por No se lo digas a nadie\u201d y que alcanz\u00f3 15 millones de reproducciones, provoc\u00f3 ya una intervenci\u00f3n del primado polaco, con efectos sobre la pol\u00edtica del pa\u00eds, dominada por el partido ultraconservador Ley y Justicia (PiS), muy vinculado a la jerarqu\u00eda cat\u00f3lica.<\/p>\n\n\n\n<p>El gobierno polaco reaccion\u00f3 endureciendo por la v\u00eda de urgencia las penas contempladas por pederastia con el compromiso de no consentir comportamientos de este tipo en ninguna instituci\u00f3n, incluidos los estamentos de la iglesia.<\/p>\n\n\n\n<p>Por su parte, la Conferencia Episcopal polaca se comprometi\u00f3 a llevar adelante un plan para combatir sistem\u00e1ticamente estos delitos y pidi\u00f3 no dejar que los pecados \u201cde unos cuantos\u201d eclipsaran el bien de la Iglesia.<\/p>\n\n\n\n<p>En este segunda documental, los hermanos Sekielski se proponen atar los cabos que quedaron sueltos en el primero, seg\u00fan explicaron sus autores en la presentaci\u00f3n previa a la difusi\u00f3n de la cinta.<\/p>\n\n\n\n<p>Los Sekielski aseguran que no se trata de casos aislados, los que reflejan en su filme, sino de situaciones usuales en la iglesia, favorecidas por unas estructuras jer\u00e1rquicas que hasta ahora silenciaron esos abusos.<\/p>\n\n\n\n<p><strong>MURO DE SILENCIO E IMPUNIDAD<\/strong><\/p>\n\n\n\n<p>\u201cCualquiera que ve el filme comprueba hasta qu\u00e9 punto las v\u00edctimas est\u00e1n solas ante estas situaciones\u201d, denuncian los autores del documental, en declaraciones al citado canal.<\/p>\n\n\n\n<p>Las v\u00edctimas de los abusos pasan \u201cmeses y meses\u201d denunciando su situaci\u00f3n \u201cde puerta en puerta\u201d, en busca de alguien que les ayude, en primer lugar, y que est\u00e9 dispuesto a ejercer la justicia, en segundo, a\u00f1aden los Sekielski.<\/p>\n\n\n\n<p>Los religiosos que cometen esos abusos se sienten \u201cimpunes\u201d, seg\u00fan los cineastas. En el peor de los casos ser\u00e1n trasladados a otra parroquia, pero dif\u00edcilmente responder\u00e1n ante la justicia por sus delitos.<\/p>\n\n\n\n<p>Los autores de estos documentales se proponen ahora realizar otras dos cintas, en ese caso centradas en la figura de Juan Pablo II, el papa polaco Karol Wojtyla.<\/p>\n\n\n\n<p><strong>Fuente:<\/strong> sinembargo<\/p>\n\n\n\n<p><br><\/p>\n","protected":false},"excerpt":{"rendered":"<p>Berl\u00edn.- La Conferencia Episcopal de Polonia\u00a0ha pedido al\u00a0Vaticano\u00a0que investigue las denuncias de pederastia en el seno de la Iglesia denunciados en un documental emitido por el canal\u00a0YouTube\u00a0y centrado en los abusos sexuales a menores por un religioso. \u201cComo alto representante de la Conferencia Episcopal pido a la Santa Sede que abra un procedimiento investigador sobre [&hellip;]<\/p>\n","protected":false},"author":2,"featured_media":79497,"comment_status":"open","ping_status":"open","sticky":false,"template":"","format":"standard","meta":{"footnotes":""},"categories":[11],"tags":[],"class_list":["post-79496","post","type-post","status-publish","format-standard","has-post-thumbnail","hentry","category-espectaculos"],"_links":{"self":[{"href":"https:\/\/elcuartopoder.com.mx\/nw\/wp-json\/wp\/v2\/posts\/79496","targetHints":{"allow":["GET"]}}],"collection":[{"href":"https:\/\/elcuartopoder.com.mx\/nw\/wp-json\/wp\/v2\/posts"}],"about":[{"href":"https:\/\/elcuartopoder.com.mx\/nw\/wp-json\/wp\/v2\/types\/post"}],"author":[{"embeddable":true,"href":"https:\/\/elcuartopoder.com.mx\/nw\/wp-json\/wp\/v2\/users\/2"}],"replies":[{"embeddable":true,"href":"https:\/\/elcuartopoder.com.mx\/nw\/wp-json\/wp\/v2\/comments?post=79496"}],"version-history":[{"count":1,"href":"https:\/\/elcuartopoder.com.mx\/nw\/wp-json\/wp\/v2\/posts\/79496\/revisions"}],"predecessor-version":[{"id":79498,"href":"https:\/\/elcuartopoder.com.mx\/nw\/wp-json\/wp\/v2\/posts\/79496\/revisions\/79498"}],"wp:featuredmedia":[{"embeddable":true,"href":"https:\/\/elcuartopoder.com.mx\/nw\/wp-json\/wp\/v2\/media\/79497"}],"wp:attachment":[{"href":"https:\/\/elcuartopoder.com.mx\/nw\/wp-json\/wp\/v2\/media?parent=79496"}],"wp:term":[{"taxonomy":"category","embeddable":true,"href":"https:\/\/elcuartopoder.com.mx\/nw\/wp-json\/wp\/v2\/categories?post=79496"},{"taxonomy":"post_tag","embeddable":true,"href":"https:\/\/elcuartopoder.com.mx\/nw\/wp-json\/wp\/v2\/tags?post=79496"}],"curies":[{"name":"wp","href":"https:\/\/api.w.org\/{rel}","templated":true}]}}