{"id":79499,"date":"2020-05-18T14:44:36","date_gmt":"2020-05-18T19:44:36","guid":{"rendered":"http:\/\/elcuartopoder.com.mx\/nw\/?p=79499"},"modified":"2020-05-18T14:44:40","modified_gmt":"2020-05-18T19:44:40","slug":"russell-crowe-revela-que-no-sabia-que-maximo-moria-al-final-de-la-pelicula-gladiator","status":"publish","type":"post","link":"https:\/\/elcuartopoder.com.mx\/nw\/entretenimiento\/espectaculos\/russell-crowe-revela-que-no-sabia-que-maximo-moria-al-final-de-la-pelicula-gladiator\/","title":{"rendered":"Russell Crowe revela que no sab\u00eda que M\u00e1ximo mor\u00eda al final de la pel\u00edcula Gladiator"},"content":{"rendered":"\n<p>Madrid, Espa\u00f1a.- El <strong>final de\u00a0<em>Gladiator<\/em><\/strong>\u00a0es uno de los m\u00e1s \u00e9picos que se recuerdan de la gran pantalla. La\u00a0<strong>muerte de M\u00e1ximo<\/strong>, encarnado por\u00a0<strong>Russell Crowe<\/strong>, ha perdurado en la memoria de los espectadores incluso 20 a\u00f1os despu\u00e9s de su estreno. Ahora el actor ha revelado c\u00f3mo fue para \u00e9l esta secuencia, de la que no tuvo conocimiento hasta la mitad del rodaje.<\/p>\n\n\n\n<blockquote class=\"wp-block-quote is-layout-flow wp-block-quote-is-layout-flow\"><p>\u201cRecuerdo que Ridley Scott se me acerc\u00f3 en el set y me dijo: \u2018Mira, la forma en que esto se est\u00e1 construyendo, no le veo sobreviviendo. Este personaje se centra en la venganza por su esposa e hijo y una vez que lo logra, \u00bfqu\u00e9 hace?&#8217;\u201d, relat\u00f3 Crowe en una entrevista concedida a&nbsp;<em>Empire<\/em>.<\/p><\/blockquote>\n\n\n\n<p>\u201cY mi broma sol\u00eda ser: \u2018S\u00ed, \u00bfqu\u00e9 hace M\u00e1ximo? \u00bfAcaso dirige una puta pizzer\u00eda junto al Coliseo? Tiene un prop\u00f3sito concreto, que es conocer a su esposa en el m\u00e1s all\u00e1 y disculparse por no estar all\u00ed para ella. Y as\u00ed ocurre\u201d, explic\u00f3.<\/p>\n\n\n\n<p>Al cambiar el destino de M\u00e1ximo y matar al personaje despu\u00e9s del duelo final, su discurso culminante se vuelve a\u00fan m\u00e1s emocionante. El int\u00e9rprete tambi\u00e9n rememor\u00f3 esta toma. \u201cEl casco estaba lleno de electricidad est\u00e1tica y cada vez que me lo quitaba, los pelos de la parte superior de mi cabeza se pon\u00edan de punta\u201d , record\u00f3.<\/p>\n\n\n\n<blockquote class=\"wp-block-quote is-layout-flow wp-block-quote-is-layout-flow\"><p>\u201cIntent\u00e9 hacerlo lentamente, intent\u00e9 hacerlo r\u00e1pido, pero cada vez que los pelos se pon\u00edan de punta parec\u00eda un puto Teletubby. Entonces el director lo resolvi\u00f3 con un primer plano, solo la frente y la barbilla y as\u00ed no se puede ver el pelo\u201d , se\u00f1al\u00f3.<\/p><\/blockquote>\n\n\n\n<p><em>Gladiator<\/em>\u00a0se estren\u00f3 en mayo de 2000 y fue un \u00e9xito de taquilla que recaud\u00f3 m\u00e1s de 460 millones de d\u00f3lares en todo el mundo. La cinta gan\u00f3 cinco premios \u00d3scar, incluyendo mejor pel\u00edcula y mejor actor para Crowe. Scott est\u00e1 desarrollando actualmente una secuela de la pel\u00edcula, que tendr\u00e1 lugar dos d\u00e9cadas despu\u00e9s de la muerte de M\u00e1ximo.<\/p>\n\n\n\n<p><strong>Fuente:<\/strong>\u00a0sinembargo<\/p>\n","protected":false},"excerpt":{"rendered":"<p>Madrid, Espa\u00f1a.- El final de\u00a0Gladiator\u00a0es uno de los m\u00e1s \u00e9picos que se recuerdan de la gran pantalla. La\u00a0muerte de M\u00e1ximo, encarnado por\u00a0Russell Crowe, ha perdurado en la memoria de los espectadores incluso 20 a\u00f1os despu\u00e9s de su estreno. Ahora el actor ha revelado c\u00f3mo fue para \u00e9l esta secuencia, de la que no tuvo conocimiento [&hellip;]<\/p>\n","protected":false},"author":2,"featured_media":79500,"comment_status":"open","ping_status":"open","sticky":false,"template":"","format":"standard","meta":{"footnotes":""},"categories":[11],"tags":[],"class_list":["post-79499","post","type-post","status-publish","format-standard","has-post-thumbnail","hentry","category-espectaculos"],"_links":{"self":[{"href":"https:\/\/elcuartopoder.com.mx\/nw\/wp-json\/wp\/v2\/posts\/79499","targetHints":{"allow":["GET"]}}],"collection":[{"href":"https:\/\/elcuartopoder.com.mx\/nw\/wp-json\/wp\/v2\/posts"}],"about":[{"href":"https:\/\/elcuartopoder.com.mx\/nw\/wp-json\/wp\/v2\/types\/post"}],"author":[{"embeddable":true,"href":"https:\/\/elcuartopoder.com.mx\/nw\/wp-json\/wp\/v2\/users\/2"}],"replies":[{"embeddable":true,"href":"https:\/\/elcuartopoder.com.mx\/nw\/wp-json\/wp\/v2\/comments?post=79499"}],"version-history":[{"count":1,"href":"https:\/\/elcuartopoder.com.mx\/nw\/wp-json\/wp\/v2\/posts\/79499\/revisions"}],"predecessor-version":[{"id":79501,"href":"https:\/\/elcuartopoder.com.mx\/nw\/wp-json\/wp\/v2\/posts\/79499\/revisions\/79501"}],"wp:featuredmedia":[{"embeddable":true,"href":"https:\/\/elcuartopoder.com.mx\/nw\/wp-json\/wp\/v2\/media\/79500"}],"wp:attachment":[{"href":"https:\/\/elcuartopoder.com.mx\/nw\/wp-json\/wp\/v2\/media?parent=79499"}],"wp:term":[{"taxonomy":"category","embeddable":true,"href":"https:\/\/elcuartopoder.com.mx\/nw\/wp-json\/wp\/v2\/categories?post=79499"},{"taxonomy":"post_tag","embeddable":true,"href":"https:\/\/elcuartopoder.com.mx\/nw\/wp-json\/wp\/v2\/tags?post=79499"}],"curies":[{"name":"wp","href":"https:\/\/api.w.org\/{rel}","templated":true}]}}