{"id":79529,"date":"2020-05-19T14:19:38","date_gmt":"2020-05-19T19:19:38","guid":{"rendered":"http:\/\/elcuartopoder.com.mx\/nw\/?p=79529"},"modified":"2020-05-19T14:19:40","modified_gmt":"2020-05-19T19:19:40","slug":"japon-entra-en-recesion","status":"publish","type":"post","link":"https:\/\/elcuartopoder.com.mx\/nw\/internacionales\/japon-entra-en-recesion\/","title":{"rendered":"Jap\u00f3n entra en recesi\u00f3n"},"content":{"rendered":"\n<p>La econom\u00eda de Jap\u00f3n se contrajo un 0,9% en el primer trimestre del a\u00f1o con respecto a los tres meses anteriores, de acuerdo a las primeras estimaciones oficiales ofrecidas por las autoridades japonesas esta ma\u00f1ana. La ca\u00edda es mucho mayor, del 3,4%, en t\u00e9rminos interanuales, es decir, entre el primer trimestre de este a\u00f1o y el primero de 2019. Estos datos suponen el segundo trimestre en n\u00fameros rojos para el pa\u00eds nip\u00f3n el cual, desde hoy, est\u00e1 oficialmente en recesi\u00f3n.<\/p>\n\n\n\n<p>La aparici\u00f3n del virus ha agravado un escenario que ya de por s\u00ed era preocupante para la tercera econom\u00eda mundial. La actividad se hab\u00eda contra\u00eddo en 2019 a causa de la entrada en vigor de\u00a0una subida del IVA\u00a0postergada hasta en dos ocasiones; los da\u00f1os causados por\u00a0los tifones Faxai y Habigis; y la onda expansiva de la\u00a0guerra comercial\u00a0entre China y Estados Unidos. Todo ello hab\u00eda llevado al primer ministro Shinzo Abe a presentar\u00a0un programa inicial de est\u00edmulos\u00a0por valor de 13,2 billones de yenes (casi 110.000 millones de euros), un 1,9% del PIB, en diciembre del a\u00f1o pasado.<\/p>\n\n\n\n<p>La ca\u00edda de hoy ha sido menos dura de lo esperado, dado que las previsiones de los analistas auguraban un tropiezo del 4,6%. Lo peor, no obstante, todav\u00eda podr\u00eda estar por venir. \u201cLa marcada ca\u00edda en la producci\u00f3n en el primer trimestre sugiere que la expansi\u00f3n del virus ya hab\u00eda supuesto un golpe significativo a la actividad econ\u00f3mica en marzo\u201d, ha apuntado Tom Learnmouth, economista para Jap\u00f3n de Capital Economics, en un informe publicado por la consultora esta ma\u00f1ana.<\/p>\n\n\n\n<p>El consumo privado, que representa m\u00e1s de la mitad de la econom\u00eda japonesa, perdi\u00f3 un 0,7% en marzo a pesar de que el gobierno no decret\u00f3 el estado de emergencia \u2013con los consiguientes confinamientos y cierres de negocios\u2013 hasta finales de mes. Por ello, Learnmouth ha se\u00f1alado que la cifra de hoy \u201csolo es la punta del iceberg\u201d. \u201cAbril y mayo habr\u00e1n sido mucho peores\u201d, por lo que pronostica una ca\u00edda intertrimestral del 12% para el siguiente periodo.<\/p>\n\n\n\n<p>Las exportaciones, otro de los pilares del pa\u00eds nip\u00f3n y que representan hasta un 16% de su PIB, tambi\u00e9n retrocedieron un 6% en los tres primeros meses del a\u00f1o, a consecuencia de las alternaciones en las cadenas de producci\u00f3n globales y los obst\u00e1culos al comercio internacional. Se trata del peor dato para el sector desde 2011, a\u00f1o del fat\u00eddico tsunami que provoc\u00f3 el desastre nuclear de Fukushima.<\/p>\n\n\n\n<p>El gobierno, por su parte, ya se ha puesto manos a la obra por medio de\u00a0un paquete de est\u00edmulos\u00a0con el que aspira a proteger la econom\u00eda de los efectos de la pandemia, la cual deja ya 744 v\u00edctimas mortales y 16.285 infectados en el pa\u00eds. Este plan gubernamental, presentado a principios de abril, movilizar\u00e1 casi un bill\u00f3n de euros, cantidad equivalente a un quinto del PIB nacional. El Banco de Jap\u00f3n ha anunciado tambi\u00e9n estar dispuesto a ofrecer su apoyo, comprometi\u00e9ndose adquirir\u00a0tanta deuda p\u00fablica como sea necesario\u00a0con el objetivo de mantener bajo control los costes de financiaci\u00f3n del pa\u00eds. Sin embargo, a la luz de estos resultados, el gobierno podr\u00eda redoblar sus esfuerzos y anunciar nuevas iniciativas este mismo mes.<\/p>\n\n\n\n<p><strong>Fuente:<\/strong>&nbsp;elpa\u00eds<br><\/p>\n","protected":false},"excerpt":{"rendered":"<p>La econom\u00eda de Jap\u00f3n se contrajo un 0,9% en el primer trimestre del a\u00f1o con respecto a los tres meses anteriores, de acuerdo a las primeras estimaciones oficiales ofrecidas por las autoridades japonesas esta ma\u00f1ana. La ca\u00edda es mucho mayor, del 3,4%, en t\u00e9rminos interanuales, es decir, entre el primer trimestre de este a\u00f1o y [&hellip;]<\/p>\n","protected":false},"author":2,"featured_media":79530,"comment_status":"open","ping_status":"open","sticky":false,"template":"","format":"standard","meta":{"footnotes":""},"categories":[8],"tags":[],"class_list":["post-79529","post","type-post","status-publish","format-standard","has-post-thumbnail","hentry","category-internacionales"],"_links":{"self":[{"href":"https:\/\/elcuartopoder.com.mx\/nw\/wp-json\/wp\/v2\/posts\/79529","targetHints":{"allow":["GET"]}}],"collection":[{"href":"https:\/\/elcuartopoder.com.mx\/nw\/wp-json\/wp\/v2\/posts"}],"about":[{"href":"https:\/\/elcuartopoder.com.mx\/nw\/wp-json\/wp\/v2\/types\/post"}],"author":[{"embeddable":true,"href":"https:\/\/elcuartopoder.com.mx\/nw\/wp-json\/wp\/v2\/users\/2"}],"replies":[{"embeddable":true,"href":"https:\/\/elcuartopoder.com.mx\/nw\/wp-json\/wp\/v2\/comments?post=79529"}],"version-history":[{"count":1,"href":"https:\/\/elcuartopoder.com.mx\/nw\/wp-json\/wp\/v2\/posts\/79529\/revisions"}],"predecessor-version":[{"id":79531,"href":"https:\/\/elcuartopoder.com.mx\/nw\/wp-json\/wp\/v2\/posts\/79529\/revisions\/79531"}],"wp:featuredmedia":[{"embeddable":true,"href":"https:\/\/elcuartopoder.com.mx\/nw\/wp-json\/wp\/v2\/media\/79530"}],"wp:attachment":[{"href":"https:\/\/elcuartopoder.com.mx\/nw\/wp-json\/wp\/v2\/media?parent=79529"}],"wp:term":[{"taxonomy":"category","embeddable":true,"href":"https:\/\/elcuartopoder.com.mx\/nw\/wp-json\/wp\/v2\/categories?post=79529"},{"taxonomy":"post_tag","embeddable":true,"href":"https:\/\/elcuartopoder.com.mx\/nw\/wp-json\/wp\/v2\/tags?post=79529"}],"curies":[{"name":"wp","href":"https:\/\/api.w.org\/{rel}","templated":true}]}}