{"id":79547,"date":"2020-05-20T11:22:25","date_gmt":"2020-05-20T16:22:25","guid":{"rendered":"http:\/\/elcuartopoder.com.mx\/nw\/?p=79547"},"modified":"2020-05-20T11:22:28","modified_gmt":"2020-05-20T16:22:28","slug":"sindrome-del-bebe-sacudido-problema-que-deja-lesiones-de-por-vida","status":"publish","type":"post","link":"https:\/\/elcuartopoder.com.mx\/nw\/entretenimiento\/salud\/sindrome-del-bebe-sacudido-problema-que-deja-lesiones-de-por-vida\/","title":{"rendered":"S\u00edndrome del beb\u00e9 sacudido, problema que deja lesiones de por vida"},"content":{"rendered":"\n<p>CIUDAD DE M\u00c9XICO.- El<strong>&nbsp;s\u00edndrome del beb\u00e9&nbsp;<\/strong>sacudido es un<strong>&nbsp;tipo de traumatismo cerebral infligido cuando el infante es sacudido violentamente<\/strong>, explica el Instituto Nacional de Trastornos Neurol\u00f3gicos y Derrame Cerebral (NINDS, por sus siglas en ingl\u00e9s).<\/p>\n\n\n\n<p>El s\u00edndrome ocurre debido a que<strong>\u00a0el cuello de los beb\u00e9s es d\u00e9bil y la cabeza es grande<\/strong>, por lo que cuando es sacudido,\u00a0<strong>se provoca que el fr\u00e1gil cerebro salte de adelante\u00a0hacia atr\u00e1s dentro del cr\u00e1neo y sufra contusione<\/strong>s, hinchaz\u00f3n, hemorragias de retina, da\u00f1os en m\u00e9dula espinal y fracturas de diversos huesos.<\/p>\n\n\n\n<p>Las lesiones caracter\u00edsticas del s\u00edndrome puede presentarse en beb\u00e9s menores de dos a\u00f1os, y en algunos casos hasta los cinco a\u00f1os de edad.<\/p>\n\n\n\n<p>Los s\u00edntomas que presentan son&nbsp;<strong>irritabilidad extrema, letargo, inapetencia, problemas respiratorios, convulsiones, v\u00f3mito y piel azulosa o p\u00e1lida.<\/strong><\/p>\n\n\n\n<p>El tratamiento para el s\u00edndrome del beb\u00e9 sacudido incluye medidas de&nbsp;<strong>soporte vital y respiratorio<\/strong>, adem\u00e1s se realiza&nbsp;<strong>cirug\u00eda para detener las hemorragias<\/strong>. Los m\u00e9dicos que atienden este tipo de caso realizan resonancias magn\u00e9ticas o tomograf\u00edas computarizadas para tener un diagn\u00f3stico definitivo.<\/p>\n\n\n\n<p>La mayor\u00eda de los beb\u00e9s que sufren las sacudidas intensas, explican los especialistas,\u00a0<strong>pueden tener alguna forma de discapacidad neurol\u00f3gica o mental<\/strong>\u00a0como par\u00e1lisis cerebral, retraso mental, que se presentar\u00e1n hasta los seis a\u00f1os.<\/p>\n\n\n\n<p><strong>Fuente:<\/strong> marcrixnoticias<\/p>\n","protected":false},"excerpt":{"rendered":"<p>CIUDAD DE M\u00c9XICO.- El&nbsp;s\u00edndrome del beb\u00e9&nbsp;sacudido es un&nbsp;tipo de traumatismo cerebral infligido cuando el infante es sacudido violentamente, explica el Instituto Nacional de Trastornos Neurol\u00f3gicos y Derrame Cerebral (NINDS, por sus siglas en ingl\u00e9s). El s\u00edndrome ocurre debido a que\u00a0el cuello de los beb\u00e9s es d\u00e9bil y la cabeza es grande, por lo que cuando [&hellip;]<\/p>\n","protected":false},"author":2,"featured_media":79548,"comment_status":"open","ping_status":"open","sticky":false,"template":"","format":"standard","meta":{"footnotes":""},"categories":[56],"tags":[],"class_list":["post-79547","post","type-post","status-publish","format-standard","has-post-thumbnail","hentry","category-salud"],"_links":{"self":[{"href":"https:\/\/elcuartopoder.com.mx\/nw\/wp-json\/wp\/v2\/posts\/79547","targetHints":{"allow":["GET"]}}],"collection":[{"href":"https:\/\/elcuartopoder.com.mx\/nw\/wp-json\/wp\/v2\/posts"}],"about":[{"href":"https:\/\/elcuartopoder.com.mx\/nw\/wp-json\/wp\/v2\/types\/post"}],"author":[{"embeddable":true,"href":"https:\/\/elcuartopoder.com.mx\/nw\/wp-json\/wp\/v2\/users\/2"}],"replies":[{"embeddable":true,"href":"https:\/\/elcuartopoder.com.mx\/nw\/wp-json\/wp\/v2\/comments?post=79547"}],"version-history":[{"count":1,"href":"https:\/\/elcuartopoder.com.mx\/nw\/wp-json\/wp\/v2\/posts\/79547\/revisions"}],"predecessor-version":[{"id":79549,"href":"https:\/\/elcuartopoder.com.mx\/nw\/wp-json\/wp\/v2\/posts\/79547\/revisions\/79549"}],"wp:featuredmedia":[{"embeddable":true,"href":"https:\/\/elcuartopoder.com.mx\/nw\/wp-json\/wp\/v2\/media\/79548"}],"wp:attachment":[{"href":"https:\/\/elcuartopoder.com.mx\/nw\/wp-json\/wp\/v2\/media?parent=79547"}],"wp:term":[{"taxonomy":"category","embeddable":true,"href":"https:\/\/elcuartopoder.com.mx\/nw\/wp-json\/wp\/v2\/categories?post=79547"},{"taxonomy":"post_tag","embeddable":true,"href":"https:\/\/elcuartopoder.com.mx\/nw\/wp-json\/wp\/v2\/tags?post=79547"}],"curies":[{"name":"wp","href":"https:\/\/api.w.org\/{rel}","templated":true}]}}