{"id":79553,"date":"2020-05-20T11:41:12","date_gmt":"2020-05-20T16:41:12","guid":{"rendered":"http:\/\/elcuartopoder.com.mx\/nw\/?p=79553"},"modified":"2020-05-20T11:41:15","modified_gmt":"2020-05-20T16:41:15","slug":"encuentran-adeudo-historico-por-derecho-de-via-de-757-mdp-en-tramo-donde-se-construira-tren-maya","status":"publish","type":"post","link":"https:\/\/elcuartopoder.com.mx\/nw\/nacionales\/encuentran-adeudo-historico-por-derecho-de-via-de-757-mdp-en-tramo-donde-se-construira-tren-maya\/","title":{"rendered":"Encuentran adeudo hist\u00f3rico por derecho de v\u00eda de 757 mdp en tramo donde se construir\u00e1 Tren Maya"},"content":{"rendered":"\n<p>Canc\u00fan, Quintana Roo.- Al presentar este lunes los avances de los trabajos del Tren Maya, el Gobierno de M\u00e9xico inform\u00f3 que encontr\u00f3 en la zona de la construcci\u00f3n un adeudo hist\u00f3rico por derecho de v\u00eda de 757 millones de pesos, pero que han iniciado la liquidaci\u00f3n de este.<\/p>\n\n\n\n<p>Rogelio Jim\u00e9nez Pons, director del Fondo Nacional de Fomento al Turismo (Fonatur), puntualiz\u00f3 que \u201ccuando iniciamos los trabajos de investigaci\u00f3n de c\u00f3mo estaba esa situaci\u00f3n en todo el trayecto existente, descubrimos que en muchos archivos, ni de Ferrocarriles Nacionales y de la SCT, hab\u00eda registro de muchas propiedades\u201d.<\/p>\n\n\n\n<p>\u201cEra virtualmente inexistente, se supon\u00eda que exist\u00eda un derecho de v\u00eda, pero en los hechos no exist\u00edan y tambi\u00e9n descubrimos que hab\u00edan muchas demandas que se hab\u00edan perdido de parte del Gobierno Federal, de gente que les tomaron sus terrenos y nunca les pagaron esos derechos de v\u00eda\u201d, subray\u00f3.<\/p>\n\n\n\n<p>A\u00f1adi\u00f3 que en busca de regularizar estos detalles, se hizo un proceso que ya lleva m\u00e1s de 1 a\u00f1o y gracias a ello \u201cempezamos hace 3 semanas a hacer los primeros pagos de esa deuda hist\u00f3rica de esos derechos de v\u00eda que no se hab\u00edan pagado\u201d.<\/p>\n\n\n\n<p>\u201cSuman al rededor de 750 millones de pesos, pero hay inclusive que todav\u00eda nos faltan unos derechos de v\u00eda de carretera como es el caso de Carrillo Puerto, en Quintana Roo, donde todav\u00eda se deben juicios pasados por los derechos de v\u00eda que no fueron pagados\u201d, a\u00f1adi\u00f3.<\/p>\n\n\n\n<h2 class=\"wp-block-heading\"><strong>AMLO: Tren Maya generar\u00e1 entre 80 mil y cien mil empleos<\/strong><\/h2>\n\n\n\n<p>El presidente de M\u00e9xico, Andr\u00e9s Manuel L\u00f3pez Obrador, se\u00f1al\u00f3 este lunes que la construcci\u00f3n del Tren Maya generar\u00e1 entre 80 mil y cien mil nuevos empleos. Destac\u00f3 que ya est\u00e1n por iniciar los trabajos y ya se tienen listos tres contratos.<\/p>\n\n\n\n<blockquote class=\"wp-block-quote is-layout-flow wp-block-quote-is-layout-flow\"><p>\u201cSon cerca de mil 500 kil\u00f3metros, esta obra independientemente de la comunicaci\u00f3n, del impulso al turismo, del traslado de carga, va a significar la generaci\u00f3n de muchos empleos ahora que se necesita. Calcula m\u00e1s de 80 a 100 mil nuevos empleos con esta obra en el sureste\u201d, dijo durante su conferencia de prensa matutina.<\/p><\/blockquote>\n\n\n\n<p>L\u00f3pez Obrador indic\u00f3 que ya est\u00e1n listos tres contratos para la construcci\u00f3n del Tren Maya y que un cuarto est\u00e1 en proceso de conclusi\u00f3n, \u201ccon esto se podr\u00e1 comunicar desde Palenque hasta Canc\u00fan, pasando por Campeche, Yucat\u00e1n y Quintana Roo\u201d, dijo.<\/p>\n\n\n\n<p><strong>Fuente:<\/strong> marcrixnoticias<\/p>\n\n\n\n<p><br><\/p>\n","protected":false},"excerpt":{"rendered":"<p>Canc\u00fan, Quintana Roo.- Al presentar este lunes los avances de los trabajos del Tren Maya, el Gobierno de M\u00e9xico inform\u00f3 que encontr\u00f3 en la zona de la construcci\u00f3n un adeudo hist\u00f3rico por derecho de v\u00eda de 757 millones de pesos, pero que han iniciado la liquidaci\u00f3n de este. Rogelio Jim\u00e9nez Pons, director del Fondo Nacional [&hellip;]<\/p>\n","protected":false},"author":2,"featured_media":79554,"comment_status":"open","ping_status":"open","sticky":false,"template":"","format":"standard","meta":{"footnotes":""},"categories":[55],"tags":[],"class_list":["post-79553","post","type-post","status-publish","format-standard","has-post-thumbnail","hentry","category-nacionales"],"_links":{"self":[{"href":"https:\/\/elcuartopoder.com.mx\/nw\/wp-json\/wp\/v2\/posts\/79553","targetHints":{"allow":["GET"]}}],"collection":[{"href":"https:\/\/elcuartopoder.com.mx\/nw\/wp-json\/wp\/v2\/posts"}],"about":[{"href":"https:\/\/elcuartopoder.com.mx\/nw\/wp-json\/wp\/v2\/types\/post"}],"author":[{"embeddable":true,"href":"https:\/\/elcuartopoder.com.mx\/nw\/wp-json\/wp\/v2\/users\/2"}],"replies":[{"embeddable":true,"href":"https:\/\/elcuartopoder.com.mx\/nw\/wp-json\/wp\/v2\/comments?post=79553"}],"version-history":[{"count":1,"href":"https:\/\/elcuartopoder.com.mx\/nw\/wp-json\/wp\/v2\/posts\/79553\/revisions"}],"predecessor-version":[{"id":79555,"href":"https:\/\/elcuartopoder.com.mx\/nw\/wp-json\/wp\/v2\/posts\/79553\/revisions\/79555"}],"wp:featuredmedia":[{"embeddable":true,"href":"https:\/\/elcuartopoder.com.mx\/nw\/wp-json\/wp\/v2\/media\/79554"}],"wp:attachment":[{"href":"https:\/\/elcuartopoder.com.mx\/nw\/wp-json\/wp\/v2\/media?parent=79553"}],"wp:term":[{"taxonomy":"category","embeddable":true,"href":"https:\/\/elcuartopoder.com.mx\/nw\/wp-json\/wp\/v2\/categories?post=79553"},{"taxonomy":"post_tag","embeddable":true,"href":"https:\/\/elcuartopoder.com.mx\/nw\/wp-json\/wp\/v2\/tags?post=79553"}],"curies":[{"name":"wp","href":"https:\/\/api.w.org\/{rel}","templated":true}]}}