{"id":81484,"date":"2020-07-19T11:21:45","date_gmt":"2020-07-19T16:21:45","guid":{"rendered":"http:\/\/elcuartopoder.com.mx\/nw\/?p=81484"},"modified":"2020-07-19T11:21:47","modified_gmt":"2020-07-19T16:21:47","slug":"mercado-libre-logra-conquistar-5-millones-de-nuevos-compradores-por-irrupcion-de-la-pandemia-en-al","status":"publish","type":"post","link":"https:\/\/elcuartopoder.com.mx\/nw\/destacadas\/mercado-libre-logra-conquistar-5-millones-de-nuevos-compradores-por-irrupcion-de-la-pandemia-en-al\/","title":{"rendered":"Mercado Libre logra conquistar 5 millones de nuevos compradores por irrupci\u00f3n de la pandemia en AL"},"content":{"rendered":"\n<p>La crisis del&nbsp;<strong>coronavirus<\/strong>&nbsp;ha acelerado el crecimiento de&nbsp;<strong>Mercado Libre<\/strong>&nbsp;en&nbsp;<strong>Latinoam\u00e9rica<\/strong>, donde la empresa de&nbsp;<strong>comercio electr\u00f3nico<\/strong>&nbsp;espera consolidar su&nbsp;<strong>liderazgo<\/strong>&nbsp;tras conquistar m\u00e1s de 5 millones de nuevos compradores en solo tres meses, seg\u00fan explic\u00f3 a&nbsp;<em>EFE<\/em>&nbsp;su jefe de operaciones,&nbsp;<strong>Stelleo Tolda.<\/strong><\/p>\n\n\n\n<blockquote class=\"wp-block-quote is-layout-flow wp-block-quote-is-layout-flow\"><p>\u201cQueremos crecer m\u00e1s que el mercado y consolidar nuestra posici\u00f3n de liderazgo\u201d en Latinoam\u00e9rica, afirm\u00f3 Tolda, Chief Operating Officer (COO) de la compa\u00f1\u00eda.<\/p><\/blockquote>\n\n\n\n<p>El unicornio de origen argentino alcanz\u00f3 esta semana un nuevo r\u00e9cord al superar los mil d\u00f3lares por acci\u00f3n en Wall Street y su valor de mercado escal\u00f3 por primera vez hasta los 50 mil millones de d\u00f3lares debido al efecto pandemia, que provoc\u00f3 un crecimiento tanto por el lado de la demanda como por el de la oferta.<\/p>\n\n\n\n<p>\u201cSomos una empresa abierta desde agosto de 2007 y hemos evolucionado siempre respecto al precio de acci\u00f3n, pero vemos eso como una consecuencia de lo que hemos hecho. Hemos desarrollado nuestro comercio electr\u00f3nico, nuestra log\u00edstica y hemos invertido\u201d, resalt\u00f3.<\/p>\n\n\n\n<p>Y agreg\u00f3: \u201cTodo eso ha sido percibido por nuestros consumidores, lo que ha generado un crecimiento de la facturaci\u00f3n y se ha traducido en algo que el mercado entiende como muy positivo\u201d.<\/p>\n\n\n\n<p>Adem\u00e1s del comercio electr\u00f3nico, Mercado Libre act\u00faa tambi\u00e9n en el \u00e1rea de servicios financieros a trav\u00e9s de Mercado Pago, una plataforma de pagos donde la empresa pretende seguir apostando.<\/p>\n\n\n\n<p>\u201cSon \u00e1reas de pleno crecimiento y pleno desarrollo, con penetraciones relativamente bajas y potencial de crecimiento grande. Mercado Libre y Mercado Pago han crecido mucho, ven\u00edan creciendo antes de la pandemia y tuvieron una aceleraci\u00f3n durante la misma\u201d, subray\u00f3 Tolda.<\/p>\n\n\n\n<p><strong>ACELERACI\u00d3N EN PLENA PANDEMIA<\/strong><\/p>\n\n\n\n<p>Cuando las cuarentenas comenzaron a imponerse en Latinoam\u00e9rica, a mediados de marzo, la crisis del coronavirus tuvo un primer impacto negativo en la compa\u00f1\u00eda. La situaci\u00f3n, sin embargo, reverti\u00f3 a partir de abril, cuando se registr\u00f3 un aumento tanto de la oferta como de la demanda de otros productos.<\/p>\n\n\n\n<blockquote class=\"wp-block-quote is-layout-flow wp-block-quote-is-layout-flow\"><p>\u201cLa preocupaci\u00f3n inicial estaba relacionada con el abastecimiento, con los productos de higiene, de limpieza. Nuestro marketplace no ten\u00eda una oferta tan buena de esos productos, pero hubo un esfuerzo para acercar esa oferta y anticipamos los planes para lanzar una categor\u00eda de supermercados y bienes de consumo\u201d, se\u00f1al\u00f3.<\/p><\/blockquote>\n\n\n\n<p>Mercado Libre tambi\u00e9n percibi\u00f3 entonces un aumento del inter\u00e9s de los compradores en otras categor\u00edas m\u00e1s all\u00e1 de los sanitarios, principalmente en productos del hogar y decoraci\u00f3n, entretenimiento -especialmente juguetes-, as\u00ed como productos para realizar ejercicio y reparaciones.<\/p>\n\n\n\n<p>Entre el 24 de febrero y el 3 de mayo, Mercado Libre registr\u00f3 un crecimiento de \u00f3rdenes de compra de m\u00e1s de 100 por ciento respecto al mismo periodo del a\u00f1o pasado en Chile, Colombia y M\u00e9xico, mientras que en Argentina y Brasil aumentaron un 52 y 39&nbsp; por ciento, respectivamente.<\/p>\n\n\n\n<p>El n\u00famero de nuevos compradores en Latinoam\u00e9rica, por su parte, escal\u00f3 un 45 por ciento en el mismo periodo, hasta los 5 millones, la mitad de ellos en Brasil, el pa\u00eds m\u00e1s populoso de la regi\u00f3n con 210 millones de habitantes.<\/p>\n\n\n\n<p>Brasil es actualmente el principal mercado de la compa\u00f1\u00eda, seguido de Argentina, aunque M\u00e9xico podr\u00eda asumir la segunda posici\u00f3n en marketplace todav\u00eda este a\u00f1o, seg\u00fan adelant\u00f3 el ejecutivo de origen brasile\u00f1o.<\/p>\n\n\n\n<p><strong>IMPULSO DEL COMERCIO ELECTR\u00d3NICO EN LATINOAM\u00c9RICA<\/strong><\/p>\n\n\n\n<p>La penetraci\u00f3n del comercio electr\u00f3nico en Latinoam\u00e9rica todav\u00eda es baja (6 por ciento) si se compara con otros pa\u00edses de Europa (10 por ciento) o de China, donde llega al 20 por ciento, pero la crisis del coronavirus le ha dado un impulso, subray\u00f3 Tolda.<\/p>\n\n\n\n<blockquote class=\"wp-block-quote is-layout-flow wp-block-quote-is-layout-flow\"><p>\u201cCreemos que la pandemia va a hacer que esa penetraci\u00f3n se estabilice en Am\u00e9rica Latina en niveles superiores al 6 por ciento, creemos que (puede aumentar) m\u00e1s de dos puntos porcentuales\u201d, precis\u00f3.<\/p><\/blockquote>\n\n\n\n<p>Ello pese a la profunda crisis que se prev\u00e9 este a\u00f1o en Am\u00e9rica Latina, cuya econom\u00eda, seg\u00fan las proyecciones del Fondo Monetario Internacional, podr\u00eda hundirse un 9.4&nbsp; por ciento, lastrada principalmente por Brasil y M\u00e9xico.<\/p>\n\n\n\n<blockquote class=\"wp-block-quote is-layout-flow wp-block-quote-is-layout-flow\"><p>\u201cAm\u00e9rica Latina y Brasil ver\u00e1n un periodo dif\u00edcil y no sabemos cuanto durar\u00e1, pero entendemos que el e-commerce trae beneficios que no se ver\u00e1n impactados por ese momento econ\u00f3mico\u201d, resalt\u00f3.<\/p><\/blockquote>\n\n\n\n<p>Al ejecutivo brasile\u00f1o tampoco le preocupan las posibles p\u00e9rdidas operativas que puedan acarrear este a\u00f1o, tras cerrar el primer trimestre de 2020 con un saldo negativo de 29.7 millones de d\u00f3lares. En 2019 arroj\u00f3 p\u00e9rdidas de 172 millones, casi cinco veces m\u00e1s que las registradas en 2018.<\/p>\n\n\n\n<p>\u201cNo preocupan las p\u00e9rdidas operativas, suceden por dise\u00f1o. Se ha invertido mucho en el crecimiento, el cual ha sido nuestro objetivo, aunque tengamos p\u00e9rdidas moment\u00e1neas\u201d, aclar\u00f3.<\/p>\n\n\n\n<p><strong>Fuente:<\/strong> SinEmbargo<\/p>\n","protected":false},"excerpt":{"rendered":"<p>La crisis del&nbsp;coronavirus&nbsp;ha acelerado el crecimiento de&nbsp;Mercado Libre&nbsp;en&nbsp;Latinoam\u00e9rica, donde la empresa de&nbsp;comercio electr\u00f3nico&nbsp;espera consolidar su&nbsp;liderazgo&nbsp;tras conquistar m\u00e1s de 5 millones de nuevos compradores en solo tres meses, seg\u00fan explic\u00f3 a&nbsp;EFE&nbsp;su jefe de operaciones,&nbsp;Stelleo Tolda. \u201cQueremos crecer m\u00e1s que el mercado y consolidar nuestra posici\u00f3n de liderazgo\u201d en Latinoam\u00e9rica, afirm\u00f3 Tolda, Chief Operating Officer (COO) de [&hellip;]<\/p>\n","protected":false},"author":2,"featured_media":81485,"comment_status":"open","ping_status":"open","sticky":false,"template":"","format":"standard","meta":{"footnotes":""},"categories":[59],"tags":[],"class_list":["post-81484","post","type-post","status-publish","format-standard","has-post-thumbnail","hentry","category-destacadas"],"_links":{"self":[{"href":"https:\/\/elcuartopoder.com.mx\/nw\/wp-json\/wp\/v2\/posts\/81484","targetHints":{"allow":["GET"]}}],"collection":[{"href":"https:\/\/elcuartopoder.com.mx\/nw\/wp-json\/wp\/v2\/posts"}],"about":[{"href":"https:\/\/elcuartopoder.com.mx\/nw\/wp-json\/wp\/v2\/types\/post"}],"author":[{"embeddable":true,"href":"https:\/\/elcuartopoder.com.mx\/nw\/wp-json\/wp\/v2\/users\/2"}],"replies":[{"embeddable":true,"href":"https:\/\/elcuartopoder.com.mx\/nw\/wp-json\/wp\/v2\/comments?post=81484"}],"version-history":[{"count":1,"href":"https:\/\/elcuartopoder.com.mx\/nw\/wp-json\/wp\/v2\/posts\/81484\/revisions"}],"predecessor-version":[{"id":81486,"href":"https:\/\/elcuartopoder.com.mx\/nw\/wp-json\/wp\/v2\/posts\/81484\/revisions\/81486"}],"wp:featuredmedia":[{"embeddable":true,"href":"https:\/\/elcuartopoder.com.mx\/nw\/wp-json\/wp\/v2\/media\/81485"}],"wp:attachment":[{"href":"https:\/\/elcuartopoder.com.mx\/nw\/wp-json\/wp\/v2\/media?parent=81484"}],"wp:term":[{"taxonomy":"category","embeddable":true,"href":"https:\/\/elcuartopoder.com.mx\/nw\/wp-json\/wp\/v2\/categories?post=81484"},{"taxonomy":"post_tag","embeddable":true,"href":"https:\/\/elcuartopoder.com.mx\/nw\/wp-json\/wp\/v2\/tags?post=81484"}],"curies":[{"name":"wp","href":"https:\/\/api.w.org\/{rel}","templated":true}]}}