{"id":81499,"date":"2020-07-19T12:16:35","date_gmt":"2020-07-19T17:16:35","guid":{"rendered":"http:\/\/elcuartopoder.com.mx\/nw\/?p=81499"},"modified":"2020-07-19T12:16:37","modified_gmt":"2020-07-19T17:16:37","slug":"guillermo-allison-por-fin-sera-portero-titular-en-su-carrera-con-cancun-fc","status":"publish","type":"post","link":"https:\/\/elcuartopoder.com.mx\/nw\/entretenimiento\/deportes\/guillermo-allison-por-fin-sera-portero-titular-en-su-carrera-con-cancun-fc\/","title":{"rendered":"Guillermo Allison por fin ser\u00e1 portero titular en su carrera, con Canc\u00fan FC"},"content":{"rendered":"\n<p>Canc\u00fan.- Guillermo Allison estuvo a la sombra de Jes\u00fas Corona en Cruz Azul y ahora,&nbsp;<strong>por fin de tanto esperar, tendr\u00e1 su gran oportunidad:<\/strong>&nbsp;convertirse en titular indiscutible con su nuevo equipo, Canc\u00fan FC, en la Liga de Expansi\u00f3n.<\/p>\n\n\n\n<p>\u00abEstoy muy ilusionado de poder formar parte de este proyecto. Llega en un momento propicio de mi carrera para lograr la regularidad que quiero. &#8216;Chaco&#8217; y yo fuimos compa\u00f1eros ocho a\u00f1os en el club. Lo conozco muy bien, s\u00e9 lo profesional que es y el compromiso que tiene de ser mejor cada d\u00eda\u00bb, acepta el guardameta&nbsp;<strong>de 1.92 metros.<\/strong><\/p>\n\n\n\n<p>Desde su debut en la Liga MX (Apertura 2013), hasta el reciente Clausura 2020, el cancerbero chiapaneco apareci\u00f3&nbsp;<strong>en 62 ocasiones,<\/strong>&nbsp;regularmente en la Copa MX. La \u00faltima vez que fue titular en un juego de Liga, ocurri\u00f3 en el Apertura 2018 ante Monarcas Morelia, en el triunfo (2-0) como visitante de su ahora ex equipo, el 24 de noviembre de ese a\u00f1o.<\/p>\n\n\n\n<p>En ese mismo torneo, fue due\u00f1o del arco celeste en la Copa MX, mejor todav\u00eda,&nbsp;<strong>campe\u00f3n bajo el mando del portugu\u00e9s Pedro Caixinha.<\/strong><\/p>\n\n\n\n<p>En diciembre, Allison&nbsp;<strong>solicit\u00f3 su salida&nbsp;<\/strong>a la directiva de Cruz Azul, en busca de m\u00e1s minutos y poder consolidarse en un equipo como titular, ya que en la \u00faltima d\u00e9cada, Jes\u00fas Corona, frustr\u00f3 sus ilusiones. Para no variar, con la llegada del juvenil, Sebasti\u00e1n Jurado, las posibilidades disminuyeron.<\/p>\n\n\n\n<p>El canterano no &#8216;niega su cruz&#8217;, pues vivi\u00f3 en carne propia el proceso,&nbsp;<strong>desde que ten\u00eda 14 a\u00f1os de edad,&nbsp;<\/strong>cuando formaba parte de Lagunas, Oaxaca. \u00abPas\u00e9 por todas las divisiones de Cruz Azul hasta llegar a Primera, algo muy bonito, sal\u00ed muy agradecido con el club.<\/p>\n\n\n\n<p>\u201cConozco muy bien la regi\u00f3n, pues cuando jugaba con Cruz Azul Lagunas en Tercera Divisi\u00f3n, nos toc\u00f3 enfrentar a Pioneros, Chetumal e Itzaes (Yucat\u00e1n)\u00bb, reconoci\u00f3.<\/p>\n\n\n\n<p><strong>Fuente:<\/strong> SIPSE<\/p>\n","protected":false},"excerpt":{"rendered":"<p>Canc\u00fan.- Guillermo Allison estuvo a la sombra de Jes\u00fas Corona en Cruz Azul y ahora,&nbsp;por fin de tanto esperar, tendr\u00e1 su gran oportunidad:&nbsp;convertirse en titular indiscutible con su nuevo equipo, Canc\u00fan FC, en la Liga de Expansi\u00f3n. \u00abEstoy muy ilusionado de poder formar parte de este proyecto. Llega en un momento propicio de mi carrera [&hellip;]<\/p>\n","protected":false},"author":2,"featured_media":81500,"comment_status":"open","ping_status":"open","sticky":false,"template":"","format":"standard","meta":{"footnotes":""},"categories":[7],"tags":[],"class_list":["post-81499","post","type-post","status-publish","format-standard","has-post-thumbnail","hentry","category-deportes"],"_links":{"self":[{"href":"https:\/\/elcuartopoder.com.mx\/nw\/wp-json\/wp\/v2\/posts\/81499","targetHints":{"allow":["GET"]}}],"collection":[{"href":"https:\/\/elcuartopoder.com.mx\/nw\/wp-json\/wp\/v2\/posts"}],"about":[{"href":"https:\/\/elcuartopoder.com.mx\/nw\/wp-json\/wp\/v2\/types\/post"}],"author":[{"embeddable":true,"href":"https:\/\/elcuartopoder.com.mx\/nw\/wp-json\/wp\/v2\/users\/2"}],"replies":[{"embeddable":true,"href":"https:\/\/elcuartopoder.com.mx\/nw\/wp-json\/wp\/v2\/comments?post=81499"}],"version-history":[{"count":1,"href":"https:\/\/elcuartopoder.com.mx\/nw\/wp-json\/wp\/v2\/posts\/81499\/revisions"}],"predecessor-version":[{"id":81501,"href":"https:\/\/elcuartopoder.com.mx\/nw\/wp-json\/wp\/v2\/posts\/81499\/revisions\/81501"}],"wp:featuredmedia":[{"embeddable":true,"href":"https:\/\/elcuartopoder.com.mx\/nw\/wp-json\/wp\/v2\/media\/81500"}],"wp:attachment":[{"href":"https:\/\/elcuartopoder.com.mx\/nw\/wp-json\/wp\/v2\/media?parent=81499"}],"wp:term":[{"taxonomy":"category","embeddable":true,"href":"https:\/\/elcuartopoder.com.mx\/nw\/wp-json\/wp\/v2\/categories?post=81499"},{"taxonomy":"post_tag","embeddable":true,"href":"https:\/\/elcuartopoder.com.mx\/nw\/wp-json\/wp\/v2\/tags?post=81499"}],"curies":[{"name":"wp","href":"https:\/\/api.w.org\/{rel}","templated":true}]}}