{"id":81932,"date":"2020-07-31T12:41:54","date_gmt":"2020-07-31T17:41:54","guid":{"rendered":"http:\/\/elcuartopoder.com.mx\/nw\/?p=81932"},"modified":"2020-07-31T12:41:56","modified_gmt":"2020-07-31T17:41:56","slug":"un-espanol-crea-una-mascarilla-inteligente-capaz-de-desinfectarse-sola-y-localizar-los-focos-de-covid-19","status":"publish","type":"post","link":"https:\/\/elcuartopoder.com.mx\/nw\/entretenimiento\/tecnologia\/un-espanol-crea-una-mascarilla-inteligente-capaz-de-desinfectarse-sola-y-localizar-los-focos-de-covid-19\/","title":{"rendered":"Un espa\u00f1ol crea una mascarilla inteligente capaz de desinfectarse sola y localizar los focos de Covid-19"},"content":{"rendered":"\n<p>\u00c1lvaro Gonz\u00e1lez Romero-Dom\u00ednguez, oscense afincado en Palermo (Italia), y su pareja, Simona Lacagnina, dise\u00f1aron durante el confinamiento una mascarilla inteligente, un nuevo instrumento para hacer frente a la pandemia del coronavirus. Como reza\u00a0su p\u00e1gina web, lo han conseguido en el seno de \u00abun equipo multidisciplinar de j\u00f3venes con experiencia en dise\u00f1o, nuevas tecnolog\u00edas e innovaci\u00f3n\u00bb. Su creaci\u00f3n, bautizada como\u00a0<strong>Cliu, es capaz de autodesinfectarse<\/strong>, medir la calidad del aire y localizar focos de la enfermedad.<\/p>\n\n\n\n<p>La parte frontal de la mascarilla&nbsp;<strong>es transparente<\/strong>, por lo que deja la boca a la vista y facilita la comunicaci\u00f3n con las personas que tienen problemas auditivos. Adem\u00e1s, esta zona (que tiene recubrimiento antivaho) se abre y se cierra -de forma herm\u00e9tica- gracias a unos imanes; de modo que el usuario pueda comer y beber sin problema.<\/p>\n\n\n\n<p>Se trata tambi\u00e9n de un&nbsp;<strong>producto sostenible y ecol\u00f3gico<\/strong>, ya que, a diferencia de las mascarillas tradicionales, se puede reutilizar un sinf\u00edn de veces: posee unos filtros antimicrobianos y bioactivos que no da\u00f1an el medioambiente y que fueron desarrollados por la Universidad de Siena. Dichos filtros pueden cambiarse y renovarse siempre que sea necesario; una aplicaci\u00f3n para el m\u00f3vil -creada con este fin- indicar\u00e1 al usuario el estado de consumo de los filtros en tiempo real, as\u00ed como aspectos de sus salud.<\/p>\n\n\n\n<p>Hay\u00a0<strong>dos tipos de Cliu<\/strong>: una b\u00e1sica que cuesta 90 euros y otra avanzada, que cuenta con bluetooth, altavoz y sensores que permiten medir la calidad del aire. Vale 250 euros. Est\u00e1 previsto que, si el \u00abcrowdfunding\u00bb que han organizado funciona, se empiecen a producir en, aproximadamente, un mes y que se pongan a la venta a partir de octubre.<\/p>\n\n\n\n<p><strong>Fuente:<\/strong>&nbsp;ABC<br><\/p>\n","protected":false},"excerpt":{"rendered":"<p>\u00c1lvaro Gonz\u00e1lez Romero-Dom\u00ednguez, oscense afincado en Palermo (Italia), y su pareja, Simona Lacagnina, dise\u00f1aron durante el confinamiento una mascarilla inteligente, un nuevo instrumento para hacer frente a la pandemia del coronavirus. Como reza\u00a0su p\u00e1gina web, lo han conseguido en el seno de \u00abun equipo multidisciplinar de j\u00f3venes con experiencia en dise\u00f1o, nuevas tecnolog\u00edas e innovaci\u00f3n\u00bb. [&hellip;]<\/p>\n","protected":false},"author":2,"featured_media":81933,"comment_status":"open","ping_status":"open","sticky":false,"template":"","format":"standard","meta":{"footnotes":""},"categories":[57],"tags":[],"class_list":["post-81932","post","type-post","status-publish","format-standard","has-post-thumbnail","hentry","category-tecnologia"],"_links":{"self":[{"href":"https:\/\/elcuartopoder.com.mx\/nw\/wp-json\/wp\/v2\/posts\/81932","targetHints":{"allow":["GET"]}}],"collection":[{"href":"https:\/\/elcuartopoder.com.mx\/nw\/wp-json\/wp\/v2\/posts"}],"about":[{"href":"https:\/\/elcuartopoder.com.mx\/nw\/wp-json\/wp\/v2\/types\/post"}],"author":[{"embeddable":true,"href":"https:\/\/elcuartopoder.com.mx\/nw\/wp-json\/wp\/v2\/users\/2"}],"replies":[{"embeddable":true,"href":"https:\/\/elcuartopoder.com.mx\/nw\/wp-json\/wp\/v2\/comments?post=81932"}],"version-history":[{"count":1,"href":"https:\/\/elcuartopoder.com.mx\/nw\/wp-json\/wp\/v2\/posts\/81932\/revisions"}],"predecessor-version":[{"id":81934,"href":"https:\/\/elcuartopoder.com.mx\/nw\/wp-json\/wp\/v2\/posts\/81932\/revisions\/81934"}],"wp:featuredmedia":[{"embeddable":true,"href":"https:\/\/elcuartopoder.com.mx\/nw\/wp-json\/wp\/v2\/media\/81933"}],"wp:attachment":[{"href":"https:\/\/elcuartopoder.com.mx\/nw\/wp-json\/wp\/v2\/media?parent=81932"}],"wp:term":[{"taxonomy":"category","embeddable":true,"href":"https:\/\/elcuartopoder.com.mx\/nw\/wp-json\/wp\/v2\/categories?post=81932"},{"taxonomy":"post_tag","embeddable":true,"href":"https:\/\/elcuartopoder.com.mx\/nw\/wp-json\/wp\/v2\/tags?post=81932"}],"curies":[{"name":"wp","href":"https:\/\/api.w.org\/{rel}","templated":true}]}}