{"id":81938,"date":"2020-07-31T14:03:37","date_gmt":"2020-07-31T19:03:37","guid":{"rendered":"http:\/\/elcuartopoder.com.mx\/nw\/?p=81938"},"modified":"2020-07-31T14:03:40","modified_gmt":"2020-07-31T19:03:40","slug":"ninos-soldados-y-ninas-esclavas-sexuales-la-tortura-de-daesh-a-los-menores-yazidies","status":"publish","type":"post","link":"https:\/\/elcuartopoder.com.mx\/nw\/internacionales\/ninos-soldados-y-ninas-esclavas-sexuales-la-tortura-de-daesh-a-los-menores-yazidies\/","title":{"rendered":"Ni\u00f1os soldados y ni\u00f1as esclavas sexuales: la tortura de Daesh a los menores yazid\u00edes"},"content":{"rendered":"\n<p>Secuestros, torturas y violaciones son solo algunas de las aberraciones sufridas por alrededor de\u00a02.000 menores\u00a0<strong>yazid\u00edes<\/strong>\u00a0por parte de\u00a0<strong>Daesh<\/strong>\u00a0y que sobrevivieron tras pasar a\u00f1os de cautiverio. Mientras que muchos de los ni\u00f1os fueron obligados a combatir como peque\u00f1os soldados en nombre de la organizaci\u00f3n terrorista, las ni\u00f1as fueron utilizadas como esclavas sexuales. Ahora, arrastrar\u00e1n heridas que ser\u00e1n dif\u00edciles, por no decir imposibles, de sanar. As\u00ed se desprende del informe \u00abLegacy of Terror: The Plight of Yezidi Child Survivors of ISIS\u00bb (El legado del terror: la situaci\u00f3n de los ni\u00f1os sobrevivientes yazid\u00edes de ISIS), presentado por Amnist\u00eda Internacional (AI), que describe como entre 2014 y 2017 el autodenominado Estado Isl\u00e1mico perpetr\u00f3 cr\u00edmenes de guerra, cr\u00edmenes de lesa humanidad y lo que la ONU describe como genocidio contra la comunidad yazid\u00ed de\u00a0<strong>Irak<\/strong>.<\/p>\n\n\n\n<p>Muchos ni\u00f1os y ni\u00f1as sobrevivieron, pero ahora sufren, seg\u00fan AI, lesiones permanentes, enfermedades, discapacidades f\u00edsicas tan graves como la p\u00e9rdida de brazos o piernas y, sobre todo, serios&nbsp;<strong>problemas de salud mental<\/strong>, como trastorno de estr\u00e9s postraum\u00e1tico, ansiedad y depresi\u00f3n. Adem\u00e1s, muchos no encontraron apoyo psicol\u00f3gico, emocional o econ\u00f3mico tras haber sido liberados de su cautiverio, ya que sus familias no contaban con los recursos necesarios para asistirlos y, por el contrario, muchas veces acabaron aisl\u00e1ndolos.<\/p>\n\n\n\n<p>Amnist\u00eda Internacional concluy\u00f3 adem\u00e1s que, en su mayor parte, los servicios y programas existentes para sobrevivientes de violencia sexual han desatendido a las ni\u00f1as. \u00abEstas ni\u00f1as han sido sometidas sistem\u00e1ticamente al horror de vivir bajo el Estado Isl\u00e1mico, y ahora est\u00e1n siendo abandonadas a su suerte. Se les debe dar el apoyo que tanto necesitan para rehacer su vida como parte del futuro de la comunidad yazid\u00ed\u00bb, declar\u00f3 Matt Wells, director adjunto de Respuesta a las Crisis para Cuestiones Tem\u00e1ticas de Amnist\u00eda Internacional.<\/p>\n\n\n\n<h3 class=\"wp-block-heading\">Cientos de beb\u00e9s de mujeres y ni\u00f1as violadas<\/h3>\n\n\n\n<p>Las mujeres y ni\u00f1as violadas dieron a luz a cientos de beb\u00e9s, de los que muchas fueron separadas por no ser aceptados a su regreso a la comunidad. \u00abQuiero decirle a nuestra comunidad y a todas las personas del mundo que por favor nos acepten, que acepten a nuestros hijos\u2026 Yo no quer\u00eda tener un hijo de esa gente. Me obligaron a tenerlo. Jam\u00e1s solicitar\u00eda reunirme con su padre, pero necesito reunirme con mi hijo\u00bb, pidi\u00f3 una joven de 22 a\u00f1os.<\/p>\n\n\n\n<p>\u00abAunque la pesadilla de su pasado ha quedado atr\u00e1s, estos ni\u00f1os y ni\u00f1as contin\u00faan teniendo dificultades. Tras soportar los horrores de la guerra a una edad extremadamente temprana, ahora necesitan el apoyo urgente de las autoridades nacionales iraqu\u00edes y de la comunidad internacional para construir su futuro\u00bb, manifest\u00f3 Wells, quien a\u00f1adi\u00f3 que \u00abestos sobrevivientes de cr\u00edmenes atroces se enfrentan ahora a un legado de terror. En los pr\u00f3ximos a\u00f1os se debe dar prioridad a su salud f\u00edsica y mental para que puedan reintegrarse plenamente en su familia y su comunidad\u00bb.<\/p>\n\n\n\n<p><strong>Fuente:<\/strong> ABC<\/p>\n","protected":false},"excerpt":{"rendered":"<p>Secuestros, torturas y violaciones son solo algunas de las aberraciones sufridas por alrededor de\u00a02.000 menores\u00a0yazid\u00edes\u00a0por parte de\u00a0Daesh\u00a0y que sobrevivieron tras pasar a\u00f1os de cautiverio. Mientras que muchos de los ni\u00f1os fueron obligados a combatir como peque\u00f1os soldados en nombre de la organizaci\u00f3n terrorista, las ni\u00f1as fueron utilizadas como esclavas sexuales. Ahora, arrastrar\u00e1n heridas que ser\u00e1n [&hellip;]<\/p>\n","protected":false},"author":2,"featured_media":81939,"comment_status":"open","ping_status":"open","sticky":false,"template":"","format":"standard","meta":{"footnotes":""},"categories":[8],"tags":[],"class_list":["post-81938","post","type-post","status-publish","format-standard","has-post-thumbnail","hentry","category-internacionales"],"_links":{"self":[{"href":"https:\/\/elcuartopoder.com.mx\/nw\/wp-json\/wp\/v2\/posts\/81938","targetHints":{"allow":["GET"]}}],"collection":[{"href":"https:\/\/elcuartopoder.com.mx\/nw\/wp-json\/wp\/v2\/posts"}],"about":[{"href":"https:\/\/elcuartopoder.com.mx\/nw\/wp-json\/wp\/v2\/types\/post"}],"author":[{"embeddable":true,"href":"https:\/\/elcuartopoder.com.mx\/nw\/wp-json\/wp\/v2\/users\/2"}],"replies":[{"embeddable":true,"href":"https:\/\/elcuartopoder.com.mx\/nw\/wp-json\/wp\/v2\/comments?post=81938"}],"version-history":[{"count":1,"href":"https:\/\/elcuartopoder.com.mx\/nw\/wp-json\/wp\/v2\/posts\/81938\/revisions"}],"predecessor-version":[{"id":81940,"href":"https:\/\/elcuartopoder.com.mx\/nw\/wp-json\/wp\/v2\/posts\/81938\/revisions\/81940"}],"wp:featuredmedia":[{"embeddable":true,"href":"https:\/\/elcuartopoder.com.mx\/nw\/wp-json\/wp\/v2\/media\/81939"}],"wp:attachment":[{"href":"https:\/\/elcuartopoder.com.mx\/nw\/wp-json\/wp\/v2\/media?parent=81938"}],"wp:term":[{"taxonomy":"category","embeddable":true,"href":"https:\/\/elcuartopoder.com.mx\/nw\/wp-json\/wp\/v2\/categories?post=81938"},{"taxonomy":"post_tag","embeddable":true,"href":"https:\/\/elcuartopoder.com.mx\/nw\/wp-json\/wp\/v2\/tags?post=81938"}],"curies":[{"name":"wp","href":"https:\/\/api.w.org\/{rel}","templated":true}]}}