{"id":81941,"date":"2020-07-31T18:30:40","date_gmt":"2020-07-31T23:30:40","guid":{"rendered":"http:\/\/elcuartopoder.com.mx\/nw\/?p=81941"},"modified":"2020-07-31T18:30:43","modified_gmt":"2020-07-31T23:30:43","slug":"el-partido-verde-y-sus-aliados-toman-el-control-del-congreso","status":"publish","type":"post","link":"https:\/\/elcuartopoder.com.mx\/nw\/opinion\/el-partido-verde-y-sus-aliados-toman-el-control-del-congreso\/","title":{"rendered":"El Partido Verde y sus aliados toman el control del Congreso"},"content":{"rendered":"\n<p>A solo un mes del nuevo cambio de administraci\u00f3n en el\u00a0Congreso de Quintana Roo,\u00a0<strong>el Partido Verde Ecologista de M\u00e9xico y sus diputados aliados ya tomaron el control de la legislatura<\/strong>, exhibiendo a Reyna Dur\u00e1n Ovando como una \u201cpresidenta de membrete\u201d de la Junta de Gobierno y Coordinaci\u00f3n Pol\u00edtica.<\/p>\n\n\n\n<p>La nueva mayor\u00eda en el Congreso qued\u00f3 en evidencia esta semana con el proceso de elecci\u00f3n de quien ser\u00e1 integrante del Instituto de Acceso a la Informaci\u00f3n y Protecci\u00f3n de Datos Personales, un cargo que corre el riesgo de quedar ac\u00e9falo.<\/p>\n\n\n\n<p><strong>El nombramiento de la persona debi\u00f3 suceder desde 23 de julio pasado<\/strong>, seg\u00fan la convocatoria del segundo periodo extraordinario de sesiones, sin embargo, una semana despu\u00e9s, el tema est\u00e1 empantanado por una lucha de poder entre los dos nuevos grupos.<\/p>\n\n\n\n<p>Hasta el cierre del a\u00f1o pasado, el grupo que controlaba el Congreso y acordaba la mayor\u00eda al momento de las votaciones estaba integrado por cuatro diputados de Morena, encabezados por la todav\u00eda presidenta de la Junta, Reyna Dur\u00e1n Ovando, junto con cuatro legisladores del PAN.<\/p>\n\n\n\n<p><strong>A ellos se sumaban los dos del PRD, dos del PRI<\/strong>, uno del Movimiento Ciudadano y otro del Movimiento Aut\u00e9ntico Social.<\/p>\n\n\n\n<p>Juntos conformaban 14 votos, a los cuales, se un\u00edan de vez en cuando algunos otros diputados y diputadas de Morena.<\/p>\n\n\n\n<p>Sin embargo, a solo semanas de que Gustavo Miranda Garc\u00eda asuma la presidencia de la Junta de Gobierno y Coordinaci\u00f3n Pol\u00edtica, el nuevo grupo de poder y control ya qued\u00f3 conformado.<\/p>\n\n\n\n<p><strong>Ahora son 7 diputados de Morena<\/strong>, que dejaron pr\u00e1cticamente sola a Dur\u00e1n Ovando, para establecer acuerdos con los tres del Partido Verde Ecologista de M\u00e9xico y los tres del Partido del Trabajo, a quienes se sum\u00f3 el \u00fanico diputado del MAS.<\/p>\n\n\n\n<p>El jueves 23 de julio, el nuevo grupo quiso poner como comisionado del Idaipqroo a Sergio Avil\u00e9s Demeneghi, mientras que los otros a Cristina Mar\u00eda Pi\u00f1a Avil\u00e9s, quien se desempe\u00f1a encargada de transparencia de Secretar\u00eda particular del gobernador, Carlos Joaqu\u00edn Gonz\u00e1lez.<\/p>\n\n\n\n<p>El lunes 27 de julio,&nbsp;<strong>los \u00faltimos dos nombres que se manejaron fueron de Luz Gabriela de la Mora Castillo<\/strong>, ex candidata plurinominal por el Partido Verde a una diputaci\u00f3n local y ex titular de la Unidad de Transparencia de ese partido y la misma, Cristina Mar\u00eda Pi\u00f1a Avil\u00e9s.<\/p>\n\n\n\n<p>Ra\u00fal Cazares Urban, del Comit\u00e9 de Participaci\u00f3n Ciudadana del Sistema Estatal Anticorrupci\u00f3n, lament\u00f3 la postura que han asumido los legisladores locales, porque \u00fanicamente deje a evidencia los compromisos que tienen, lejos de los intereses de los ciudadanos.<\/p>\n\n\n\n<p>\u201c<strong>No han transparentado por qu\u00e9 suben a uno y luego a otro<\/strong>. Solo una fracci\u00f3n parlamentaria ha tenido, lo que es visible para los ciudadanos, que no ha modificado a quien quieren impulsar. Desconozco, pero me parece que tambi\u00e9n ah\u00ed puede haber un v\u00ednculo pol\u00edtico\u201d, consider\u00f3 el entrevistado.<\/p>\n\n\n\n<p>El pr\u00f3ximo 5 de septiembre, el Partido Verde Ecologista de M\u00e9xico asumir\u00e1 la presidencia de la Jugocopo, que tendr\u00e1 septiembre del 2021.<\/p>\n\n\n\n<p><strong>Fuente: <\/strong>SIPSE<\/p>\n","protected":false},"excerpt":{"rendered":"<p>A solo un mes del nuevo cambio de administraci\u00f3n en el\u00a0Congreso de Quintana Roo,\u00a0el Partido Verde Ecologista de M\u00e9xico y sus diputados aliados ya tomaron el control de la legislatura, exhibiendo a Reyna Dur\u00e1n Ovando como una \u201cpresidenta de membrete\u201d de la Junta de Gobierno y Coordinaci\u00f3n Pol\u00edtica. La nueva mayor\u00eda en el Congreso qued\u00f3 [&hellip;]<\/p>\n","protected":false},"author":2,"featured_media":81942,"comment_status":"open","ping_status":"open","sticky":false,"template":"","format":"standard","meta":{"footnotes":""},"categories":[62],"tags":[],"class_list":["post-81941","post","type-post","status-publish","format-standard","has-post-thumbnail","hentry","category-opinion"],"_links":{"self":[{"href":"https:\/\/elcuartopoder.com.mx\/nw\/wp-json\/wp\/v2\/posts\/81941","targetHints":{"allow":["GET"]}}],"collection":[{"href":"https:\/\/elcuartopoder.com.mx\/nw\/wp-json\/wp\/v2\/posts"}],"about":[{"href":"https:\/\/elcuartopoder.com.mx\/nw\/wp-json\/wp\/v2\/types\/post"}],"author":[{"embeddable":true,"href":"https:\/\/elcuartopoder.com.mx\/nw\/wp-json\/wp\/v2\/users\/2"}],"replies":[{"embeddable":true,"href":"https:\/\/elcuartopoder.com.mx\/nw\/wp-json\/wp\/v2\/comments?post=81941"}],"version-history":[{"count":1,"href":"https:\/\/elcuartopoder.com.mx\/nw\/wp-json\/wp\/v2\/posts\/81941\/revisions"}],"predecessor-version":[{"id":81943,"href":"https:\/\/elcuartopoder.com.mx\/nw\/wp-json\/wp\/v2\/posts\/81941\/revisions\/81943"}],"wp:featuredmedia":[{"embeddable":true,"href":"https:\/\/elcuartopoder.com.mx\/nw\/wp-json\/wp\/v2\/media\/81942"}],"wp:attachment":[{"href":"https:\/\/elcuartopoder.com.mx\/nw\/wp-json\/wp\/v2\/media?parent=81941"}],"wp:term":[{"taxonomy":"category","embeddable":true,"href":"https:\/\/elcuartopoder.com.mx\/nw\/wp-json\/wp\/v2\/categories?post=81941"},{"taxonomy":"post_tag","embeddable":true,"href":"https:\/\/elcuartopoder.com.mx\/nw\/wp-json\/wp\/v2\/tags?post=81941"}],"curies":[{"name":"wp","href":"https:\/\/api.w.org\/{rel}","templated":true}]}}