{"id":81944,"date":"2020-07-31T18:33:57","date_gmt":"2020-07-31T23:33:57","guid":{"rendered":"http:\/\/elcuartopoder.com.mx\/nw\/?p=81944"},"modified":"2020-07-31T18:34:00","modified_gmt":"2020-07-31T23:34:00","slug":"llega-a-mexico-el-nuevo-refuerzo-paraguayo-del-america","status":"publish","type":"post","link":"https:\/\/elcuartopoder.com.mx\/nw\/entretenimiento\/deportes\/llega-a-mexico-el-nuevo-refuerzo-paraguayo-del-america\/","title":{"rendered":"Llega a M\u00e9xico el nuevo refuerzo paraguayo del Am\u00e9rica"},"content":{"rendered":"\n<p>Ciudad de M\u00e9xico.- El refuerzo del Am\u00e9rica, Sergio D\u00edaz, ya est\u00e1 en M\u00e9xico.<\/p>\n\n\n\n<p>El volante paraguayo&nbsp;<strong>arrib\u00f3 a la capital del pa\u00eds&nbsp;<\/strong>la tarde de este jueves de inmediato se coloc\u00f3 la chamarra de las \u00c1guilas y pos\u00f3 para las fotograf\u00edas con una bufanda de su equipo.<\/p>\n\n\n\n<p>D\u00edaz no dio declaraciones, en atenci\u00f3n&nbsp;<strong>a los protocolos sanitarios<\/strong>&nbsp;durante esta pandemia por Covid-19.<\/p>\n\n\n\n<p>El futbolista tiene 22 a\u00f1os y llega a pr\u00e9stamo con opci\u00f3n a compra. Su \u00faltimo club fue Cerro Porte\u00f1o<strong>, pero le pertenece al Real Madrid.<\/strong><\/p>\n\n\n\n<p>Es de la misma camada de Federico Valverde. No obstante, su camino ha tomado otro rumbo muy distinto en lo deportivo.<\/p>\n\n\n\n<p>D\u00edaz&nbsp;<strong>es un jugador h\u00e1bil,<\/strong>&nbsp;que lo mismo juega atr\u00e1s de los delanteros que por los costados, y es por eso que es una buena opci\u00f3n como sustituto de Renato Ibarra.<\/p>\n\n\n\n<p>En espera de que estampe su firma y apruebe los ex\u00e1menes m\u00e9dicos de rigor, el jugador ya viste los colores del cuadro con m\u00e1s t\u00edtulos de Liga en M\u00e9xico, con 13 conquistas.<\/p>\n\n\n\n<p><strong>Fuente:&nbsp;<\/strong>SIPSE<br><\/p>\n","protected":false},"excerpt":{"rendered":"<p>Ciudad de M\u00e9xico.- El refuerzo del Am\u00e9rica, Sergio D\u00edaz, ya est\u00e1 en M\u00e9xico. El volante paraguayo&nbsp;arrib\u00f3 a la capital del pa\u00eds&nbsp;la tarde de este jueves de inmediato se coloc\u00f3 la chamarra de las \u00c1guilas y pos\u00f3 para las fotograf\u00edas con una bufanda de su equipo. D\u00edaz no dio declaraciones, en atenci\u00f3n&nbsp;a los protocolos sanitarios&nbsp;durante esta [&hellip;]<\/p>\n","protected":false},"author":2,"featured_media":81945,"comment_status":"open","ping_status":"open","sticky":false,"template":"","format":"standard","meta":{"footnotes":""},"categories":[7],"tags":[],"class_list":["post-81944","post","type-post","status-publish","format-standard","has-post-thumbnail","hentry","category-deportes"],"_links":{"self":[{"href":"https:\/\/elcuartopoder.com.mx\/nw\/wp-json\/wp\/v2\/posts\/81944","targetHints":{"allow":["GET"]}}],"collection":[{"href":"https:\/\/elcuartopoder.com.mx\/nw\/wp-json\/wp\/v2\/posts"}],"about":[{"href":"https:\/\/elcuartopoder.com.mx\/nw\/wp-json\/wp\/v2\/types\/post"}],"author":[{"embeddable":true,"href":"https:\/\/elcuartopoder.com.mx\/nw\/wp-json\/wp\/v2\/users\/2"}],"replies":[{"embeddable":true,"href":"https:\/\/elcuartopoder.com.mx\/nw\/wp-json\/wp\/v2\/comments?post=81944"}],"version-history":[{"count":1,"href":"https:\/\/elcuartopoder.com.mx\/nw\/wp-json\/wp\/v2\/posts\/81944\/revisions"}],"predecessor-version":[{"id":81946,"href":"https:\/\/elcuartopoder.com.mx\/nw\/wp-json\/wp\/v2\/posts\/81944\/revisions\/81946"}],"wp:featuredmedia":[{"embeddable":true,"href":"https:\/\/elcuartopoder.com.mx\/nw\/wp-json\/wp\/v2\/media\/81945"}],"wp:attachment":[{"href":"https:\/\/elcuartopoder.com.mx\/nw\/wp-json\/wp\/v2\/media?parent=81944"}],"wp:term":[{"taxonomy":"category","embeddable":true,"href":"https:\/\/elcuartopoder.com.mx\/nw\/wp-json\/wp\/v2\/categories?post=81944"},{"taxonomy":"post_tag","embeddable":true,"href":"https:\/\/elcuartopoder.com.mx\/nw\/wp-json\/wp\/v2\/tags?post=81944"}],"curies":[{"name":"wp","href":"https:\/\/api.w.org\/{rel}","templated":true}]}}