{"id":81976,"date":"2020-08-02T10:40:22","date_gmt":"2020-08-02T15:40:22","guid":{"rendered":"http:\/\/elcuartopoder.com.mx\/nw\/?p=81976"},"modified":"2020-08-02T10:40:24","modified_gmt":"2020-08-02T15:40:24","slug":"hay-apertura-al-turismo-en-el-pais-pero-las-playas-estan-casi-vacias","status":"publish","type":"post","link":"https:\/\/elcuartopoder.com.mx\/nw\/economia\/hay-apertura-al-turismo-en-el-pais-pero-las-playas-estan-casi-vacias\/","title":{"rendered":"Hay apertura al turismo en el pa\u00eds, pero las playas est\u00e1n casi vac\u00edas"},"content":{"rendered":"\n<p>Ciudad de M\u00e9xico.- A pesar de la reapertura, el Covid-19 mantiene&nbsp;<strong>casi vac\u00edas las playas<\/strong>&nbsp;de los principales destinos tur\u00edsticos del pa\u00eds en plenas vacaciones de verano.<\/p>\n\n\n\n<p>Con ocupaciones hoteleras que&nbsp;<strong>no rebasan el 25 por ciento&nbsp;<\/strong>(cuando en esta temporada no bajaban de 80 por ciento) los sectores tur\u00edsticos de Acapulco, Canc\u00fan, Los Cabos, Huatulco y Veracruz buscan hacer frente a las p\u00e9rdidas millonarias que les dej\u00f3 el confinamiento.<\/p>\n\n\n\n<p>Sin embargo, la ola de contagios que enfrentan los mismos destinos&nbsp;<strong>dejan un panorama incierto<\/strong>.<\/p>\n\n\n\n<p>El regreso gradual a la actividad econ\u00f3mica&nbsp;<strong>ha significado un respiro<\/strong>&nbsp;para empresarios y prestadores de servicios en Acapulco, Guerrero, sostiene el empresario Jorge Laurel, ex l\u00edder de la Asociaci\u00f3n de Hoteles y Empresas Tur\u00edsticas de Acapulco (AHETA).<\/p>\n\n\n\n<p>Advierte, sin embargo, que&nbsp;<strong>la ocupaci\u00f3n alcanza apenas 21 por ciento&nbsp;<\/strong>y que si los casos de Covid&nbsp; en el puerto siguen al alza, es probable que regresen a sem\u00e1foro rojo y con ello se decrete otra vez el cierre de playas y restaurantes.<\/p>\n\n\n\n<p>Hasta ahora Acapulco&nbsp;<strong>es el municipio m\u00e1s golpeado por el virus<\/strong>&nbsp;en Guerrero, con 5 mil 530 casos de contagio, de los 10 mil 398 reportados en todo el estado.<\/p>\n\n\n\n<p>Canc\u00fan, el principal destino tur\u00edstico del pa\u00eds, reporta&nbsp;<strong>una ocupaci\u00f3n de 25 por ciento<\/strong>, cinco puntos abajo del 30 por ciento permitido ante la pandemia.<\/p>\n\n\n\n<p>La secretaria estatal de Turismo, Marisol Venegas, afirma que, pese a la reapertura, cerrar\u00e1n el a\u00f1o con&nbsp;<strong>p\u00e9rdidas por m\u00e1s de 3 mil millones de pesos<\/strong>.<\/p>\n\n\n\n<p>Y&nbsp;<strong>la situaci\u00f3n podr\u00eda ser peor<\/strong>, ya que, pese a las medidas sanitarias, desde la reapertura (el 8 de junio) se ha registrado el 50 por ciento de los 3 mil 633 contagios de Coronavirus (2 mil 032) reportados hasta ahora en el destino.<\/p>\n\n\n\n<p>El puente vacacional del 13 al 16 de marzo fue la \u00faltima vez que la zona conurbada&nbsp;<strong>Veracruz-Boca del R\u00edo se llen\u00f3 de turistas<\/strong>.<\/p>\n\n\n\n<p>Con alerta m\u00e1xima de contagios por Covid-19, el verano en estos municipios de playas es de&nbsp;<strong>apenas un 12.50 por ciento de ocupaci\u00f3n hotelera<\/strong>, contrario al 95 por ciento de otros a\u00f1os, compara Santiago Carames, presidente de la Asociaci\u00f3n de Hoteles y Moteles de la regi\u00f3n.<\/p>\n\n\n\n<p>\u00abEn estos d\u00edas ten\u00edamos un 95 por ciento, si no es que el 100, sobre todo la quincena de julio y la primera de agosto&nbsp;<strong>son las mejores de todo el a\u00f1o<\/strong>\u00ab, recuerda.<\/p>\n\n\n\n<p>Sin embargo, la afluencia ha bajado&nbsp;<strong>mientras los contagios por Covid suben<\/strong>. Veracruz registra el 24 por ciento de los 20 mil 265 casos positivos en la entidad y el mismo porcentaje de defunciones, con 649 de las 2 mil 702 en todo el estado.<\/p>\n\n\n\n<p>En Los Cabos, Baja California Sur, la reactivaci\u00f3n econ\u00f3mica arranc\u00f3 el 15 de junio y hasta ahora no pasa de una&nbsp;<strong>demanda hotelera de 20 por ciento<\/strong>.<\/p>\n\n\n\n<p>La Alcaldesa Armida Castro reconoce que, a pesar de promover medidas sanitarias,&nbsp;<strong>la movilidad triplic\u00f3 los contagios<\/strong>, al pasar de 388 a 1236.<\/p>\n\n\n\n<p>&nbsp;Alerta que si los contagios no se detienen&nbsp;<strong>podr\u00edan volver a cerrar el destino<\/strong>.<\/p>\n\n\n\n<p>Las playas de Huatulco, uno de los destinos tur\u00edsticos m\u00e1s importantes de Oaxaca, registran&nbsp;<strong>19 por ciento de ocupaci\u00f3n hotelera<\/strong>.<\/p>\n\n\n\n<p>El secretario estatal de Turismo, Juan Carlos Rivera, reconoci\u00f3 que, a pesar de que este es uno de los destinos de playa con menos contagios por coronavirus (24 casos reportados)&nbsp;<strong>los turistas no llegan<\/strong>.<\/p>\n\n\n\n<p>\u00abEn Bah\u00edas de Huatulco, la zona hotelera presenta un\u00a0<strong>11 por ciento de ocupaci\u00f3n<\/strong>, y ya en el agregado de todos los hoteles, suman cerca del 19 por ciento de ocupaci\u00f3n\u00bb, precisa.<\/p>\n\n\n\n<p><strong>Fuente: <\/strong>SIPSE<\/p>\n","protected":false},"excerpt":{"rendered":"<p>Ciudad de M\u00e9xico.- A pesar de la reapertura, el Covid-19 mantiene&nbsp;casi vac\u00edas las playas&nbsp;de los principales destinos tur\u00edsticos del pa\u00eds en plenas vacaciones de verano. Con ocupaciones hoteleras que&nbsp;no rebasan el 25 por ciento&nbsp;(cuando en esta temporada no bajaban de 80 por ciento) los sectores tur\u00edsticos de Acapulco, Canc\u00fan, Los Cabos, Huatulco y Veracruz buscan [&hellip;]<\/p>\n","protected":false},"author":2,"featured_media":81977,"comment_status":"open","ping_status":"open","sticky":false,"template":"","format":"standard","meta":{"footnotes":""},"categories":[1],"tags":[],"class_list":["post-81976","post","type-post","status-publish","format-standard","has-post-thumbnail","hentry","category-economia"],"_links":{"self":[{"href":"https:\/\/elcuartopoder.com.mx\/nw\/wp-json\/wp\/v2\/posts\/81976","targetHints":{"allow":["GET"]}}],"collection":[{"href":"https:\/\/elcuartopoder.com.mx\/nw\/wp-json\/wp\/v2\/posts"}],"about":[{"href":"https:\/\/elcuartopoder.com.mx\/nw\/wp-json\/wp\/v2\/types\/post"}],"author":[{"embeddable":true,"href":"https:\/\/elcuartopoder.com.mx\/nw\/wp-json\/wp\/v2\/users\/2"}],"replies":[{"embeddable":true,"href":"https:\/\/elcuartopoder.com.mx\/nw\/wp-json\/wp\/v2\/comments?post=81976"}],"version-history":[{"count":1,"href":"https:\/\/elcuartopoder.com.mx\/nw\/wp-json\/wp\/v2\/posts\/81976\/revisions"}],"predecessor-version":[{"id":81978,"href":"https:\/\/elcuartopoder.com.mx\/nw\/wp-json\/wp\/v2\/posts\/81976\/revisions\/81978"}],"wp:featuredmedia":[{"embeddable":true,"href":"https:\/\/elcuartopoder.com.mx\/nw\/wp-json\/wp\/v2\/media\/81977"}],"wp:attachment":[{"href":"https:\/\/elcuartopoder.com.mx\/nw\/wp-json\/wp\/v2\/media?parent=81976"}],"wp:term":[{"taxonomy":"category","embeddable":true,"href":"https:\/\/elcuartopoder.com.mx\/nw\/wp-json\/wp\/v2\/categories?post=81976"},{"taxonomy":"post_tag","embeddable":true,"href":"https:\/\/elcuartopoder.com.mx\/nw\/wp-json\/wp\/v2\/tags?post=81976"}],"curies":[{"name":"wp","href":"https:\/\/api.w.org\/{rel}","templated":true}]}}