{"id":81982,"date":"2020-08-02T10:52:24","date_gmt":"2020-08-02T15:52:24","guid":{"rendered":"http:\/\/elcuartopoder.com.mx\/nw\/?p=81982"},"modified":"2020-08-02T10:52:27","modified_gmt":"2020-08-02T15:52:27","slug":"covid-es-ya-la-primera-causa-de-muerte-en-mujeres-embarazadas-onu","status":"publish","type":"post","link":"https:\/\/elcuartopoder.com.mx\/nw\/destacadas\/covid-es-ya-la-primera-causa-de-muerte-en-mujeres-embarazadas-onu\/","title":{"rendered":"Covid es ya la primera causa de muerte en mujeres embarazadas: ONU"},"content":{"rendered":"\n<p>Ciudad de M\u00e9xico.- El Covid-19 ha tenido un impacto negativo en las mujeres embarazadas y se convirti\u00f3 en la&nbsp;<strong>primera causa de mortalidad en ese sector<\/strong>&nbsp;de la poblaci\u00f3n en M\u00e9xico, alert\u00f3 la Organizaci\u00f3n de Naciones Unidas.<\/p>\n\n\n\n<p>Jes\u00fas Pe\u00f1a, representante Adjunto del Alto Comisionado de las Naciones Unidas para los Derechos Humanos, indic\u00f3 que el pa\u00eds se ubica entre las naciones&nbsp;<strong>con mayor tasa de mortalidad<\/strong>&nbsp;en esa poblaci\u00f3n.<\/p>\n\n\n\n<p>\u00abLos datos sobre mortalidad materna en M\u00e9xico son muy reveladores. Para la semana epidemiol\u00f3gica 29 (19 de julio), de acuerdo con las cifras oficiales, ya&nbsp;<strong>se contabilizaban 81 muertes maternas por Covid<\/strong>&nbsp;confirmadas y otras 27 pendientes de ser verificadas\u00bb, detall\u00f3.<\/p>\n\n\n\n<p>\u00abLo cual convierte al virus SARS-CoV-2 en la primera causa de mortalidad materna en el pa\u00eds\u00bb.<\/p>\n\n\n\n<p>Ayer por la tarde, la Secretar\u00eda de Salud (Ssa) actualiz\u00f3 los datos y report\u00f3 que ya sumaban 2 mil 842 casos confirmados de Covid-19 en embarazadas y&nbsp;<strong>83 decesos por esa causa<\/strong>.<\/p>\n\n\n\n<p>\u00abEstas cifras colocan a M\u00e9xico como uno de los pa\u00edses con&nbsp;<strong>mayores tasas de mortalidad materna<\/strong>\u00ab, se\u00f1al\u00f3 Pe\u00f1a durante el seminario virtual Salud y Mortalidad Materna en el marco del Covid-19.<\/p>\n\n\n\n<p>El representante de la ONU advirti\u00f3 que el indicador de mortalidad materna refleja&nbsp;<strong>la desigualdad estructural de g\u00e9nero<\/strong>, de pertenencia \u00e9tnica, migraci\u00f3n y marginaci\u00f3n que viven las mujeres, por lo que es importante la perspectiva de derechos humanos.<\/p>\n\n\n\n<p>Christian Morales, representante de la OPS\/OMS en M\u00e9xico, apunt\u00f3 que la mortalidad&nbsp;<strong>materna ya era un desaf\u00edo antes de la pandemia<\/strong>&nbsp;por coronavirus debido a la desigualdad socioecon\u00f3mica registrada en el Pa\u00eds.<\/p>\n\n\n\n<p>Indic\u00f3 que el Covid 19&nbsp;<strong>ha elevado la mortalidad en embarazadas<\/strong>&nbsp;en la regi\u00f3n y durante la epidemia este problema ha sido mayor en Am\u00e9rica Latina, con respecto al resto del mundo.<\/p>\n\n\n\n<p>Morales aclar\u00f3 que la muerte materna se considera a la que ocurre durante la gestaci\u00f3n o\u00a0<strong>42 d\u00edas despu\u00e9s del alumbramiento<\/strong>.<\/p>\n\n\n\n<p><strong>Fuente:<\/strong>&nbsp;SISPE<br><\/p>\n","protected":false},"excerpt":{"rendered":"<p>Ciudad de M\u00e9xico.- El Covid-19 ha tenido un impacto negativo en las mujeres embarazadas y se convirti\u00f3 en la&nbsp;primera causa de mortalidad en ese sector&nbsp;de la poblaci\u00f3n en M\u00e9xico, alert\u00f3 la Organizaci\u00f3n de Naciones Unidas. Jes\u00fas Pe\u00f1a, representante Adjunto del Alto Comisionado de las Naciones Unidas para los Derechos Humanos, indic\u00f3 que el pa\u00eds se [&hellip;]<\/p>\n","protected":false},"author":2,"featured_media":81983,"comment_status":"open","ping_status":"open","sticky":false,"template":"","format":"standard","meta":{"footnotes":""},"categories":[59],"tags":[],"class_list":["post-81982","post","type-post","status-publish","format-standard","has-post-thumbnail","hentry","category-destacadas"],"_links":{"self":[{"href":"https:\/\/elcuartopoder.com.mx\/nw\/wp-json\/wp\/v2\/posts\/81982","targetHints":{"allow":["GET"]}}],"collection":[{"href":"https:\/\/elcuartopoder.com.mx\/nw\/wp-json\/wp\/v2\/posts"}],"about":[{"href":"https:\/\/elcuartopoder.com.mx\/nw\/wp-json\/wp\/v2\/types\/post"}],"author":[{"embeddable":true,"href":"https:\/\/elcuartopoder.com.mx\/nw\/wp-json\/wp\/v2\/users\/2"}],"replies":[{"embeddable":true,"href":"https:\/\/elcuartopoder.com.mx\/nw\/wp-json\/wp\/v2\/comments?post=81982"}],"version-history":[{"count":1,"href":"https:\/\/elcuartopoder.com.mx\/nw\/wp-json\/wp\/v2\/posts\/81982\/revisions"}],"predecessor-version":[{"id":81984,"href":"https:\/\/elcuartopoder.com.mx\/nw\/wp-json\/wp\/v2\/posts\/81982\/revisions\/81984"}],"wp:featuredmedia":[{"embeddable":true,"href":"https:\/\/elcuartopoder.com.mx\/nw\/wp-json\/wp\/v2\/media\/81983"}],"wp:attachment":[{"href":"https:\/\/elcuartopoder.com.mx\/nw\/wp-json\/wp\/v2\/media?parent=81982"}],"wp:term":[{"taxonomy":"category","embeddable":true,"href":"https:\/\/elcuartopoder.com.mx\/nw\/wp-json\/wp\/v2\/categories?post=81982"},{"taxonomy":"post_tag","embeddable":true,"href":"https:\/\/elcuartopoder.com.mx\/nw\/wp-json\/wp\/v2\/tags?post=81982"}],"curies":[{"name":"wp","href":"https:\/\/api.w.org\/{rel}","templated":true}]}}