{"id":81993,"date":"2020-08-02T16:53:37","date_gmt":"2020-08-02T21:53:37","guid":{"rendered":"http:\/\/elcuartopoder.com.mx\/nw\/?p=81993"},"modified":"2020-08-02T16:53:39","modified_gmt":"2020-08-02T21:53:39","slug":"arranca-campana-de-concientizacion-amo-isla-mujeres-por-eso-te-cuido-por-eso-me-cuido","status":"publish","type":"post","link":"https:\/\/elcuartopoder.com.mx\/nw\/municipales\/arranca-campana-de-concientizacion-amo-isla-mujeres-por-eso-te-cuido-por-eso-me-cuido\/","title":{"rendered":"Arranca campa\u00f1a de concientizaci\u00f3n \u201cAmo Isla Mujeres, por eso te cuido, por eso me cuido\u201d"},"content":{"rendered":"\n<p>Con la entrega de cubrebocas gratuitos a quienes no lo portan, calcoman\u00edas a los establecimientos y veh\u00edculos de Isla Mujeres, dio inicio de manera formal la campa\u00f1a \u201cAmo Isla Mujeres. Por eso te cuido. Por eso me cuido\u201d, que impulsa el presidente municipal, Juan Carrillo Soberanis en conjunto con la iniciativa privada para promover las medidas preventivas ante el Covid-19 y, de esta manera, la reactivaci\u00f3n econ\u00f3mica del destino, de manera ordenada y responsable.<\/p>\n\n\n\n<p>Miriam Trejo Le\u00f3n, secretaria general del Ayuntamiento, explic\u00f3 que se trata de una campa\u00f1a informativa, que promueve el uso responsable del cubrebocas, el lavado constante de manos y la sana distancia entre una y otra persona, por lo que se han iniciado las visitas a locales tur\u00edsticos, restaurantes y hoteles para invitarlos a sumarse y promover el objetivo de la campa\u00f1a.<\/p>\n\n\n\n<p>\u201cEstamos entregando cubrebocas a quienes no lo est\u00e1n utilizando y calcoman\u00edas con el dise\u00f1o de `Amo Isla Mujeres. Por eso te cuido. Por eso me cuido\u00b4, a los locales del centro de la isla, as\u00ed como a comerciantes y restaurantes de Punta Sur, como primera etapa de la campa\u00f1a, para promover la responsabilidad ante el coronavirus. En esta Nueva Normalidad estamos saliendo y conviviendo con el virus, pero para que se d\u00e9 nuestra recuperaci\u00f3n econ\u00f3mica, esa convivencia tiene que ser de manera responsable, hay que seguir con las medidas de higiene\u201d, coment\u00f3 la funcionaria.<\/p>\n\n\n\n<p>Agreg\u00f3 que tambi\u00e9n se repartieron calcoman\u00edas para veh\u00edculos, con el fin de que la informaci\u00f3n llegue a todos los rincones de Isla Mujeres, pero lo m\u00e1s importante, que la ciudadan\u00eda haga conciencia y tome la responsabilidad de cuidar de su salud y la de los dem\u00e1s, principalmente de los sectores m\u00e1s vulnerables.<\/p>\n\n\n\n<p>\u201cNo debemos de relajar las medidas de seguridad e higiene, hemos hecho un buen trabajo y no debemos echarlo en saco roto, avanzar en el color del sem\u00e1foro epidemiol\u00f3gico estatal, es un trabajo conjunto entre sociedad y gobierno, por ello, tenemos que ponernos la camiseta para salir avante como lo sabemos hacer los isle\u00f1os ante cualquier adversidad\u201d: finaliz\u00f3 Trejo Le\u00f3n.<\/p>\n\n\n\n<p><strong>Fuente: <\/strong>SIPSE<\/p>\n","protected":false},"excerpt":{"rendered":"<p>Con la entrega de cubrebocas gratuitos a quienes no lo portan, calcoman\u00edas a los establecimientos y veh\u00edculos de Isla Mujeres, dio inicio de manera formal la campa\u00f1a \u201cAmo Isla Mujeres. Por eso te cuido. Por eso me cuido\u201d, que impulsa el presidente municipal, Juan Carrillo Soberanis en conjunto con la iniciativa privada para promover las [&hellip;]<\/p>\n","protected":false},"author":2,"featured_media":81994,"comment_status":"open","ping_status":"open","sticky":false,"template":"","format":"standard","meta":{"footnotes":""},"categories":[6],"tags":[],"class_list":["post-81993","post","type-post","status-publish","format-standard","has-post-thumbnail","hentry","category-municipales"],"_links":{"self":[{"href":"https:\/\/elcuartopoder.com.mx\/nw\/wp-json\/wp\/v2\/posts\/81993","targetHints":{"allow":["GET"]}}],"collection":[{"href":"https:\/\/elcuartopoder.com.mx\/nw\/wp-json\/wp\/v2\/posts"}],"about":[{"href":"https:\/\/elcuartopoder.com.mx\/nw\/wp-json\/wp\/v2\/types\/post"}],"author":[{"embeddable":true,"href":"https:\/\/elcuartopoder.com.mx\/nw\/wp-json\/wp\/v2\/users\/2"}],"replies":[{"embeddable":true,"href":"https:\/\/elcuartopoder.com.mx\/nw\/wp-json\/wp\/v2\/comments?post=81993"}],"version-history":[{"count":1,"href":"https:\/\/elcuartopoder.com.mx\/nw\/wp-json\/wp\/v2\/posts\/81993\/revisions"}],"predecessor-version":[{"id":81995,"href":"https:\/\/elcuartopoder.com.mx\/nw\/wp-json\/wp\/v2\/posts\/81993\/revisions\/81995"}],"wp:featuredmedia":[{"embeddable":true,"href":"https:\/\/elcuartopoder.com.mx\/nw\/wp-json\/wp\/v2\/media\/81994"}],"wp:attachment":[{"href":"https:\/\/elcuartopoder.com.mx\/nw\/wp-json\/wp\/v2\/media?parent=81993"}],"wp:term":[{"taxonomy":"category","embeddable":true,"href":"https:\/\/elcuartopoder.com.mx\/nw\/wp-json\/wp\/v2\/categories?post=81993"},{"taxonomy":"post_tag","embeddable":true,"href":"https:\/\/elcuartopoder.com.mx\/nw\/wp-json\/wp\/v2\/tags?post=81993"}],"curies":[{"name":"wp","href":"https:\/\/api.w.org\/{rel}","templated":true}]}}