{"id":88389,"date":"2021-03-01T19:31:11","date_gmt":"2021-03-02T00:31:11","guid":{"rendered":"http:\/\/elcuartopoder.com.mx\/nw\/?p=88389"},"modified":"2021-03-01T19:31:13","modified_gmt":"2021-03-02T00:31:13","slug":"cuando-y-donde-se-podra-presenciar-la-luna-de-sangre-los-eventos-celestes-inundaran-2021","status":"publish","type":"post","link":"https:\/\/elcuartopoder.com.mx\/nw\/varios\/cuando-y-donde-se-podra-presenciar-la-luna-de-sangre-los-eventos-celestes-inundaran-2021\/","title":{"rendered":"\u00bfCu\u00e1ndo y d\u00f3nde se podr\u00e1 presenciar la \u201cluna de sangre\u201d? Los eventos celestes inundar\u00e1n 2021"},"content":{"rendered":"\n<p><strong>Este a\u00f1o<\/strong>&nbsp;se podr\u00e1n ver&nbsp;<strong>varias<\/strong>&nbsp;versiones de&nbsp;<strong>\u201cluna de sangre\u201d<\/strong>, t\u00e9rmino coloquial, que describe un<strong>&nbsp;eclipse lunar total<\/strong>.<\/p>\n\n\n\n<blockquote class=\"wp-block-quote is-layout-flow wp-block-quote-is-layout-flow\"><p>El fen\u00f3meno ocurre cuando el Sol, la Tierra y la luna llena est\u00e1n alineados entre s\u00ed, por lo que la Luna entra en la sombra de nuestro planeta. Durante el evento se vuelve rojiza por la \u201cfiltraci\u00f3n\u201d de la luz en la atm\u00f3sfera de la Tierra, que es capaz de dispersar la luz azul y, al mismo tiempo, incapaz de dispersar el color rojo.<\/p><\/blockquote>\n\n\n\n<p>El mi\u00e9rcoles 26 de mayo, se producir\u00e1 un eclipse lunar total, que podr\u00eda ser observado en Am\u00e9rica del Norte. La luna llena m\u00e1s grande y brillante del 2021, denominada \u201csuper luna flor\u201d, ocurrir\u00e1 cerca de su perigeo, es decir, en el momento, cuando est\u00e9 m\u00e1s cerca de la Tierra en su \u00f3rbita mensual. Durar\u00e1 14 minutos, desde las 11:11 hasta las 11:25 UTC.<\/p>\n\n\n\n<figure class=\"wp-block-image\"><img decoding=\"async\" src=\"https:\/\/i0.wp.com\/sinembargo.mx\/wp-content\/uploads\/2021\/02\/nhq201509270202.jpg\" alt=\"\" class=\"wp-image-3944832\"\/><\/figure>\n\n\n\n<p>El fen\u00f3meno ocurre cuando el Sol, la Tierra y la luna llena est\u00e1n alineados entre s\u00ed, por lo que la Luna entra en la sombra de nuestro planeta. Foto: Bill Ingalls, NASA<\/p>\n\n\n\n<p>S\u00f3lo dos semanas despu\u00e9s, el jueves 10 de junio, habr\u00e1 un eclipse solar parcial \u201canular\u201d, el llamado \u201canillo de fuego\u201d, visible desde el norte de Canad\u00e1, Groenlandia y el este de Rusia. En el este de EU tendr\u00e1 la forma de un eclipse solar parcial.<\/p>\n\n\n\n<blockquote class=\"wp-block-quote is-layout-flow wp-block-quote-is-layout-flow\"><p>Un eclipse lunar parcial tendr\u00e1 lugar el jueves 18 de noviembre. Podr\u00e1 ser observado en Am\u00e9rica del Norte y del Sur, Australia, partes de Europa y Asia. Este evento, conocido como la \u201cluna del castor\u201d, implicar\u00e1 un eclipse lunar parcial particularmente profundo, cuando el 97 por ciento de la Luna entre en la sombra de la Tierra. La duraci\u00f3n del fen\u00f3meno ser\u00e1 de tres horas y 30 minutos.<\/p><\/blockquote>\n\n\n\n<p>Dos semanas m\u00e1s tarde, el s\u00e1bado 4 de diciembre, la alineaci\u00f3n del Sol, la Luna y la Tierra ser\u00e1 a\u00fan m\u00e1s precisa, y ocurrir\u00e1 un eclipse solar total. Sin embargo, s\u00f3lo ser\u00e1 visible desde la Ant\u00e1rtida.<\/p>\n\n\n\n<p><strong>Fuente:<\/strong> sinembargo<\/p>\n","protected":false},"excerpt":{"rendered":"<p>Este a\u00f1o&nbsp;se podr\u00e1n ver&nbsp;varias&nbsp;versiones de&nbsp;\u201cluna de sangre\u201d, t\u00e9rmino coloquial, que describe un&nbsp;eclipse lunar total. El fen\u00f3meno ocurre cuando el Sol, la Tierra y la luna llena est\u00e1n alineados entre s\u00ed, por lo que la Luna entra en la sombra de nuestro planeta. Durante el evento se vuelve rojiza por la \u201cfiltraci\u00f3n\u201d de la luz en [&hellip;]<\/p>\n","protected":false},"author":2,"featured_media":88390,"comment_status":"open","ping_status":"open","sticky":false,"template":"","format":"standard","meta":{"footnotes":""},"categories":[64],"tags":[],"class_list":["post-88389","post","type-post","status-publish","format-standard","has-post-thumbnail","hentry","category-varios"],"_links":{"self":[{"href":"https:\/\/elcuartopoder.com.mx\/nw\/wp-json\/wp\/v2\/posts\/88389","targetHints":{"allow":["GET"]}}],"collection":[{"href":"https:\/\/elcuartopoder.com.mx\/nw\/wp-json\/wp\/v2\/posts"}],"about":[{"href":"https:\/\/elcuartopoder.com.mx\/nw\/wp-json\/wp\/v2\/types\/post"}],"author":[{"embeddable":true,"href":"https:\/\/elcuartopoder.com.mx\/nw\/wp-json\/wp\/v2\/users\/2"}],"replies":[{"embeddable":true,"href":"https:\/\/elcuartopoder.com.mx\/nw\/wp-json\/wp\/v2\/comments?post=88389"}],"version-history":[{"count":1,"href":"https:\/\/elcuartopoder.com.mx\/nw\/wp-json\/wp\/v2\/posts\/88389\/revisions"}],"predecessor-version":[{"id":88391,"href":"https:\/\/elcuartopoder.com.mx\/nw\/wp-json\/wp\/v2\/posts\/88389\/revisions\/88391"}],"wp:featuredmedia":[{"embeddable":true,"href":"https:\/\/elcuartopoder.com.mx\/nw\/wp-json\/wp\/v2\/media\/88390"}],"wp:attachment":[{"href":"https:\/\/elcuartopoder.com.mx\/nw\/wp-json\/wp\/v2\/media?parent=88389"}],"wp:term":[{"taxonomy":"category","embeddable":true,"href":"https:\/\/elcuartopoder.com.mx\/nw\/wp-json\/wp\/v2\/categories?post=88389"},{"taxonomy":"post_tag","embeddable":true,"href":"https:\/\/elcuartopoder.com.mx\/nw\/wp-json\/wp\/v2\/tags?post=88389"}],"curies":[{"name":"wp","href":"https:\/\/api.w.org\/{rel}","templated":true}]}}