{"id":88507,"date":"2021-03-05T11:40:25","date_gmt":"2021-03-05T16:40:25","guid":{"rendered":"http:\/\/elcuartopoder.com.mx\/nw\/?p=88507"},"modified":"2021-03-05T11:40:27","modified_gmt":"2021-03-05T16:40:27","slug":"mujer-recibe-brutal-castigo-de-parte-del-cartel-guerreros-unidos","status":"publish","type":"post","link":"https:\/\/elcuartopoder.com.mx\/nw\/varios\/mujer-recibe-brutal-castigo-de-parte-del-cartel-guerreros-unidos\/","title":{"rendered":"Mujer recibe brutal \u2018castigo\u2019 de parte del c\u00e1rtel Guerreros Unidos"},"content":{"rendered":"\n<p><strong>CIUDAD DE M\u00c9XICO, MX.-<\/strong> Una mujer fue golpeada brutalmente por supuestos integrantes del C\u00e1rtel de Guerreros Unidos (GU) que operan en el municipio de Iguala en el estado de Guerrero al sur del pa\u00eds.<\/p>\n\n\n\n<p>La v\u00edctima presuntamente es una ingeniera que habr\u00eda participado en la b\u00fasqueda de contratos de obras p\u00fablicas en el municipio de Iguala, hecho que habr\u00eda propiciado que el enojo del grupo criminal y la tortura de los narcotraficantes en contra de la v\u00edctima.<\/p>\n\n\n\n<p>En las im\u00e1genes se aprecia a la v\u00edctima volteada, con el rostro cubierto y la zona donde le pegaban al descubierto mientras una mujer la golpea con una enorme tabla que incluso se rompe debido a los m\u00faltiples golpes que le propina.<\/p>\n\n\n\n<figure class=\"wp-block-video\"><video controls src=\"blob:http:\/\/elcuartopoder.com.mx\/cfb4a423-da09-457c-a901-505d455a20b6\"><\/video><\/figure>\n\n\n\n<p>Cuando terminaron de pegarle, un sujeto se acerca y le pregunt\u00f3 si ten\u00eda una relaci\u00f3n sentimental o no, con el \u201cpresidente\u201d (al parecer se refiere al presidente municipal de Iguala, Antonio Salvador Jaimes Herrera) a lo que la v\u00edctima responde que s\u00ed, y luego le pregunta \u201csi la va seguir metiendo en obras p\u00fablicas\u201d a lo cual, entre l\u00e1grimas, la joven responde: \u201cNo ya no\u201d.<\/p>\n\n\n\n<p>Guerreros Unidos es un grupo criminal que tiene su principal centro de operaciones en el estado de Guerrero donde operan varios grupos delictivos, e incluso se hicieron conocidos por estar detr\u00e1s de la desaparici\u00f3n y asesinato de los 43 normalistas de Ayotzinapa en septiembre del 2014 durante la administraci\u00f3n del presidente Enrique Pe\u00f1a Nieto.\u00a0<\/p>\n\n\n\n<p><strong>Fuente: <\/strong>Noticaribe<\/p>\n","protected":false},"excerpt":{"rendered":"<p>CIUDAD DE M\u00c9XICO, MX.- Una mujer fue golpeada brutalmente por supuestos integrantes del C\u00e1rtel de Guerreros Unidos (GU) que operan en el municipio de Iguala en el estado de Guerrero al sur del pa\u00eds. La v\u00edctima presuntamente es una ingeniera que habr\u00eda participado en la b\u00fasqueda de contratos de obras p\u00fablicas en el municipio de [&hellip;]<\/p>\n","protected":false},"author":2,"featured_media":88508,"comment_status":"open","ping_status":"open","sticky":false,"template":"","format":"standard","meta":{"footnotes":""},"categories":[64],"tags":[],"class_list":["post-88507","post","type-post","status-publish","format-standard","has-post-thumbnail","hentry","category-varios"],"_links":{"self":[{"href":"https:\/\/elcuartopoder.com.mx\/nw\/wp-json\/wp\/v2\/posts\/88507","targetHints":{"allow":["GET"]}}],"collection":[{"href":"https:\/\/elcuartopoder.com.mx\/nw\/wp-json\/wp\/v2\/posts"}],"about":[{"href":"https:\/\/elcuartopoder.com.mx\/nw\/wp-json\/wp\/v2\/types\/post"}],"author":[{"embeddable":true,"href":"https:\/\/elcuartopoder.com.mx\/nw\/wp-json\/wp\/v2\/users\/2"}],"replies":[{"embeddable":true,"href":"https:\/\/elcuartopoder.com.mx\/nw\/wp-json\/wp\/v2\/comments?post=88507"}],"version-history":[{"count":2,"href":"https:\/\/elcuartopoder.com.mx\/nw\/wp-json\/wp\/v2\/posts\/88507\/revisions"}],"predecessor-version":[{"id":88511,"href":"https:\/\/elcuartopoder.com.mx\/nw\/wp-json\/wp\/v2\/posts\/88507\/revisions\/88511"}],"wp:featuredmedia":[{"embeddable":true,"href":"https:\/\/elcuartopoder.com.mx\/nw\/wp-json\/wp\/v2\/media\/88508"}],"wp:attachment":[{"href":"https:\/\/elcuartopoder.com.mx\/nw\/wp-json\/wp\/v2\/media?parent=88507"}],"wp:term":[{"taxonomy":"category","embeddable":true,"href":"https:\/\/elcuartopoder.com.mx\/nw\/wp-json\/wp\/v2\/categories?post=88507"},{"taxonomy":"post_tag","embeddable":true,"href":"https:\/\/elcuartopoder.com.mx\/nw\/wp-json\/wp\/v2\/tags?post=88507"}],"curies":[{"name":"wp","href":"https:\/\/api.w.org\/{rel}","templated":true}]}}