{"id":88512,"date":"2021-03-05T11:47:48","date_gmt":"2021-03-05T16:47:48","guid":{"rendered":"http:\/\/elcuartopoder.com.mx\/nw\/?p=88512"},"modified":"2021-03-05T11:47:50","modified_gmt":"2021-03-05T16:47:50","slug":"inician-mesas-de-trabajo-de-agenda-para-el-desarrollo-sustentable-de-tulum","status":"publish","type":"post","link":"https:\/\/elcuartopoder.com.mx\/nw\/municipales\/inician-mesas-de-trabajo-de-agenda-para-el-desarrollo-sustentable-de-tulum\/","title":{"rendered":"Inician mesas de trabajo de Agenda para el Desarrollo Sustentable de Tulum"},"content":{"rendered":"\n<p><strong>AKUMAL, MX.-<\/strong>&nbsp;Como parte de la construcci\u00f3n de la&nbsp;<strong>Agenda Ciudadana para el Desarrollo Sustentable de Tulum<\/strong>, en la subagenda Ecol\u00f3gica hoy se dio inicio a la Mesa de Trabajo \u201cResiduos S\u00f3lidos\u201d coordinada por el bi\u00f3logo, H<strong>\u00e9ctor Liz\u00e1rraga Cubedo.<\/strong><\/p>\n\n\n\n<p>Al tomar la palabra\u00a0<strong>Liz\u00e1rraga Cubedo<\/strong>\u00a0explic\u00f3 que la Agenda es un proyecto para socializar un plan de trabajo a nivel municipal, en la parte t\u00e9cnica de diferentes rubros, donde la Agenda Ecol\u00f3gica est\u00e1 unida al eje transversal a trav\u00e9s de la gesti\u00f3n social, la participaci\u00f3n ciudadana y la identidad.<\/p>\n\n\n\n<div class=\"wp-block-image\"><figure class=\"aligncenter\"><img decoding=\"async\" src=\"https:\/\/noticaribe.com.mx\/wp\/wp-content\/uploads\/2021\/03\/WhatsApp-Image-2021-03-04-at-10.06.11-AM.jpeg\" alt=\"\" class=\"wp-image-462241\"\/><\/figure><\/div>\n\n\n\n<p>La agenda est\u00e1 impulsada por el&nbsp;<strong>Instituto de Administraci\u00f3n P\u00fablica de Quintana Roo (Iapqroo) y por la Asociaci\u00f3n de Hoteles de Tulum (AHT)<\/strong>&nbsp;esta \u00faltima presidida por David Ortiz Mena, la que se construye con la opini\u00f3n de expertos escuchando a la gente de las comunidades.<\/p>\n\n\n\n<p>Como primer taller de cuatro, durante un mes la&nbsp;<strong>Agenda Ecol\u00f3gica<\/strong>&nbsp;buscar\u00e1 obtener un diagn\u00f3stico de los temas m\u00e1s relevantes para el Desarrollo Sustentable de Tulum que ser\u00e1n tomados por el Secretario T\u00e9cnico para poder darle seguimiento.<\/p>\n\n\n\n<div class=\"wp-block-image\"><figure class=\"aligncenter\"><a href=\"https:\/\/noticaribe.com.mx\/wp\/wp-content\/uploads\/2021\/03\/WhatsApp-Image-2021-03-04-at-10.06.10-AM-1.jpeg\"><img decoding=\"async\" src=\"https:\/\/noticaribe.com.mx\/wp\/wp-content\/uploads\/2021\/03\/WhatsApp-Image-2021-03-04-at-10.06.10-AM-1.jpeg\" alt=\"\" class=\"wp-image-462242\"\/><\/a><\/figure><\/div>\n\n\n\n<p>La expositora del tema \u201cResiduos S\u00f3lidos\u201d,&nbsp;<strong>Elizabeth Bautista<\/strong>&nbsp;tom\u00f3 en cuenta los tres ejes de trabajo como la gesti\u00f3n social, la identidad y la participaci\u00f3n ciudadana, donde propone un diagn\u00f3stico y manejo de residuos en Tulum, el para aprovechamiento de los mismos, la digitalizaci\u00f3n de los tr\u00e1mites administrativos y la introducci\u00f3n de la industria recicladora.<\/p>\n\n\n\n<p>Expuso que en 2019, la participaci\u00f3n de 56 personas en temas ecol\u00f3gicos como el \u201cReciclat\u00f3n\u201d no representa nada en comparaci\u00f3n con los m\u00e1s de 36 mil habitantes que tiene Tulum; a parte de 78 empresas que participan, pero todos los d\u00edas se genera de 155 a 200 toneladas que son llevadas al llamado \u201crelleno sanitario\u201d.<\/p>\n\n\n\n<p>\u201cComo causa y efecto, el efecto de la urbanizaci\u00f3n con el crecimiento de la poblaci\u00f3n da aumento de la demanda de agua, aumento en el cambio de uso de suelo y deforestaci\u00f3n, aumento de aguas residuales y aumento de residuos s\u00f3lidos urbanos\u201d, detall\u00f3 la especialista.<\/p>\n\n\n\n<div class=\"wp-block-image\"><figure class=\"aligncenter\"><a href=\"https:\/\/noticaribe.com.mx\/wp\/wp-content\/uploads\/2021\/03\/WhatsApp-Image-2021-03-04-at-10.06.11-AM-1.jpeg\"><img decoding=\"async\" src=\"https:\/\/noticaribe.com.mx\/wp\/wp-content\/uploads\/2021\/03\/WhatsApp-Image-2021-03-04-at-10.06.11-AM-1.jpeg\" alt=\"\" class=\"wp-image-462240\"\/><\/a><\/figure><\/div>\n\n\n\n<p>Lament\u00f3 el incremento de tiraderos clandestinos como parte de la falta de atenci\u00f3n al manejo de los residuos s\u00f3lidos por parte de las autoridades; con una infraestructura para el manejo poco efectiva como los contenedores, los camiones de limpia y el relleno sanitario con el consabido desecho de lixiviados que contaminan.<\/p>\n\n\n\n<p>Aunque existen iniciativas para poder ayudar en materia ecol\u00f3gica, estas son insuficientes, pues no hay seguimiento en las campa\u00f1as emprendidas por el Municipio; sin embargo, la iniciativa privada ha realizado acciones m\u00e1s efectivas para poder contribuir con la educaci\u00f3n ambiental en Tulum.<\/p>\n\n\n\n<p><strong>Elizabeth Bautista<\/strong>\u00a0concluy\u00f3 con un llamado a sumarse para que el ciudadano del medio ambiente de Tulum sea una realidad, pues la construcci\u00f3n de esta Agenda ecol\u00f3gica representa una oportunidad para todos los interesados en materia de sustentabilidad.<\/p>\n\n\n\n<p><strong>Fuente:<\/strong> Noticaribe<\/p>\n","protected":false},"excerpt":{"rendered":"<p>AKUMAL, MX.-&nbsp;Como parte de la construcci\u00f3n de la&nbsp;Agenda Ciudadana para el Desarrollo Sustentable de Tulum, en la subagenda Ecol\u00f3gica hoy se dio inicio a la Mesa de Trabajo \u201cResiduos S\u00f3lidos\u201d coordinada por el bi\u00f3logo, H\u00e9ctor Liz\u00e1rraga Cubedo. Al tomar la palabra\u00a0Liz\u00e1rraga Cubedo\u00a0explic\u00f3 que la Agenda es un proyecto para socializar un plan de trabajo a [&hellip;]<\/p>\n","protected":false},"author":2,"featured_media":88513,"comment_status":"open","ping_status":"open","sticky":false,"template":"","format":"standard","meta":{"footnotes":""},"categories":[6],"tags":[],"class_list":["post-88512","post","type-post","status-publish","format-standard","has-post-thumbnail","hentry","category-municipales"],"_links":{"self":[{"href":"https:\/\/elcuartopoder.com.mx\/nw\/wp-json\/wp\/v2\/posts\/88512","targetHints":{"allow":["GET"]}}],"collection":[{"href":"https:\/\/elcuartopoder.com.mx\/nw\/wp-json\/wp\/v2\/posts"}],"about":[{"href":"https:\/\/elcuartopoder.com.mx\/nw\/wp-json\/wp\/v2\/types\/post"}],"author":[{"embeddable":true,"href":"https:\/\/elcuartopoder.com.mx\/nw\/wp-json\/wp\/v2\/users\/2"}],"replies":[{"embeddable":true,"href":"https:\/\/elcuartopoder.com.mx\/nw\/wp-json\/wp\/v2\/comments?post=88512"}],"version-history":[{"count":1,"href":"https:\/\/elcuartopoder.com.mx\/nw\/wp-json\/wp\/v2\/posts\/88512\/revisions"}],"predecessor-version":[{"id":88514,"href":"https:\/\/elcuartopoder.com.mx\/nw\/wp-json\/wp\/v2\/posts\/88512\/revisions\/88514"}],"wp:featuredmedia":[{"embeddable":true,"href":"https:\/\/elcuartopoder.com.mx\/nw\/wp-json\/wp\/v2\/media\/88513"}],"wp:attachment":[{"href":"https:\/\/elcuartopoder.com.mx\/nw\/wp-json\/wp\/v2\/media?parent=88512"}],"wp:term":[{"taxonomy":"category","embeddable":true,"href":"https:\/\/elcuartopoder.com.mx\/nw\/wp-json\/wp\/v2\/categories?post=88512"},{"taxonomy":"post_tag","embeddable":true,"href":"https:\/\/elcuartopoder.com.mx\/nw\/wp-json\/wp\/v2\/tags?post=88512"}],"curies":[{"name":"wp","href":"https:\/\/api.w.org\/{rel}","templated":true}]}}