{"id":88515,"date":"2021-03-05T12:05:22","date_gmt":"2021-03-05T17:05:22","guid":{"rendered":"http:\/\/elcuartopoder.com.mx\/nw\/?p=88515"},"modified":"2021-03-05T12:05:24","modified_gmt":"2021-03-05T17:05:24","slug":"detienen-por-homicidio-a-sobrino-del-narcotraficante-caro-quintero","status":"publish","type":"post","link":"https:\/\/elcuartopoder.com.mx\/nw\/policiacas\/detienen-por-homicidio-a-sobrino-del-narcotraficante-caro-quintero\/","title":{"rendered":"Detienen por Homicidio a sobrino del narcotraficante Caro Quintero"},"content":{"rendered":"\n<p><strong>SEGURIDAD EN M\u00c9XICO<\/strong><\/p>\n\n\n\n<p>La Fiscal\u00eda General de la Republica y la Fiscal\u00eda General de Justicia de la Ciudad de M\u00e9xico informaron de la detenci\u00f3n del sobrino del pr\u00f3fugo narcotraficante Rafael Caro Quintero, por la probable comisi\u00f3n del delito de homicidio calificado.<\/p>\n\n\n\n<p>La Fiscal\u00eda General de la Rep\u00fablica (FGR) y la Fiscal\u00eda General de Justicia de la Ciudad de M\u00e9xico (FGJCDMX) informaron la detenci\u00f3n de Juan Pablo Quintero Mart\u00ednez \u201cPablito\u201d, sobrino del pr\u00f3fugo narcotraficante Rafael Caro Quintero, por la probable comisi\u00f3n del delito de homicidio calificado.<\/p>\n\n\n\n<p>Esta persona fue detenida con base en una orden de aprehensi\u00f3n en la colonia Rancho Blanco del municipio de Atizap\u00e1n de Zaragoza, Estado de M\u00e9xico.<\/p>\n\n\n\n<p>Quintero Mart\u00ednez, quien podr\u00eda estar relacionado con la comisi\u00f3n de otros il\u00edcitos del fuero federal, como delitos contra la salud y secuestros, de acuerdo con las fiscal\u00edas.<\/p>\n\n\n\n<p>De acuerdo con la indagatoria, a esta persona se le acusa de privar de la vida a una persona con disparos de arma de fuego en la colonia Infonavit El Rosario, alcald\u00eda Azcapotzalco, en noviembre pasado.\u00a0<\/p>\n\n\n\n<p><strong>Fuente: <\/strong>marcrixnoticias<\/p>\n","protected":false},"excerpt":{"rendered":"<p>SEGURIDAD EN M\u00c9XICO La Fiscal\u00eda General de la Republica y la Fiscal\u00eda General de Justicia de la Ciudad de M\u00e9xico informaron de la detenci\u00f3n del sobrino del pr\u00f3fugo narcotraficante Rafael Caro Quintero, por la probable comisi\u00f3n del delito de homicidio calificado. La Fiscal\u00eda General de la Rep\u00fablica (FGR) y la Fiscal\u00eda General de Justicia de [&hellip;]<\/p>\n","protected":false},"author":2,"featured_media":88516,"comment_status":"open","ping_status":"open","sticky":false,"template":"","format":"standard","meta":{"footnotes":""},"categories":[23],"tags":[],"class_list":["post-88515","post","type-post","status-publish","format-standard","has-post-thumbnail","hentry","category-policiacas"],"_links":{"self":[{"href":"https:\/\/elcuartopoder.com.mx\/nw\/wp-json\/wp\/v2\/posts\/88515","targetHints":{"allow":["GET"]}}],"collection":[{"href":"https:\/\/elcuartopoder.com.mx\/nw\/wp-json\/wp\/v2\/posts"}],"about":[{"href":"https:\/\/elcuartopoder.com.mx\/nw\/wp-json\/wp\/v2\/types\/post"}],"author":[{"embeddable":true,"href":"https:\/\/elcuartopoder.com.mx\/nw\/wp-json\/wp\/v2\/users\/2"}],"replies":[{"embeddable":true,"href":"https:\/\/elcuartopoder.com.mx\/nw\/wp-json\/wp\/v2\/comments?post=88515"}],"version-history":[{"count":1,"href":"https:\/\/elcuartopoder.com.mx\/nw\/wp-json\/wp\/v2\/posts\/88515\/revisions"}],"predecessor-version":[{"id":88517,"href":"https:\/\/elcuartopoder.com.mx\/nw\/wp-json\/wp\/v2\/posts\/88515\/revisions\/88517"}],"wp:featuredmedia":[{"embeddable":true,"href":"https:\/\/elcuartopoder.com.mx\/nw\/wp-json\/wp\/v2\/media\/88516"}],"wp:attachment":[{"href":"https:\/\/elcuartopoder.com.mx\/nw\/wp-json\/wp\/v2\/media?parent=88515"}],"wp:term":[{"taxonomy":"category","embeddable":true,"href":"https:\/\/elcuartopoder.com.mx\/nw\/wp-json\/wp\/v2\/categories?post=88515"},{"taxonomy":"post_tag","embeddable":true,"href":"https:\/\/elcuartopoder.com.mx\/nw\/wp-json\/wp\/v2\/tags?post=88515"}],"curies":[{"name":"wp","href":"https:\/\/api.w.org\/{rel}","templated":true}]}}