{"id":88521,"date":"2021-03-05T12:29:42","date_gmt":"2021-03-05T17:29:42","guid":{"rendered":"http:\/\/elcuartopoder.com.mx\/nw\/?p=88521"},"modified":"2021-03-05T12:29:43","modified_gmt":"2021-03-05T17:29:43","slug":"asesores-de-la-ciudad-de-las-ideas-se-desvinculan-en-bloque-del-proyecto-de-andres-roemer","status":"publish","type":"post","link":"https:\/\/elcuartopoder.com.mx\/nw\/politica\/asesores-de-la-ciudad-de-las-ideas-se-desvinculan-en-bloque-del-proyecto-de-andres-roemer\/","title":{"rendered":"Asesores de la Ciudad de las Ideas se desvinculan en bloque del proyecto de Andr\u00e9s Roemer"},"content":{"rendered":"\n<p>Pocos quieren ver ya su nombre asociado al de Andr\u00e9s Roemer, el famoso y bien relacionado comunicador al que numerosas mujeres han se\u00f1alado como\u00a0abusador sexual\u00a0en las \u00faltimas semanas y sobre el que pesan\u00a0cuatro denuncias\u00a0en la fiscal\u00eda, donde tiene una investigaci\u00f3n abierta. Ahora son 11 los asesores del Consejo de la Ciudad de las Ideas los que escriben al empresario Ricardo Salinas Pliego para que retire sus nombres, fotograf\u00edas y biograf\u00edas de dicho Consejo. Salinas Pliego y Roemer son cofundadores de ese festival que impulsa a talentos de diferentes sectores y que recibe dinero p\u00fablico para su desarrollo. \u201cA la luz de las recientes acusaciones formales por comportamientos criminales y abusos sexuales relacionados con el cofundador de la Ciudad de las Ideas, Andr\u00e9s Roemer, ya no queremos seguir siendo relacionados con ese proyecto\u201d, dicen en la misiva que han hecho llegar al empresario.<\/p>\n\n\n\n<p>La carta la firman Catherine Mohr, David P. Barash, Daniel C. Dennett, Julian Baggini, Deborah Berebichez, Judith Eve Lipton, Jerry A. Coyne, David L. Smith, Gerd Gigerenzer, Randy Cohen y Sam Harris, todos ellos destacadas personalidades de la ciencia, filosof\u00eda, medicina, escritores, divulgadores y em\u00e9ritos en distintas disciplinas. \u201cUrgimos a la Ciudad de las Ideas y a su principal patrocinador, TV Azteca, para que adopte una pol\u00edtica de tolerancia cero hacia todas las formas de abusos\u201d y piden que sigan el ejemplo\u00a0de la Unesco y de la Universidad de Columbia, \u201cque se han desvinculado de Andr\u00e9s Roemer mientras se investigan a fondo las acusaciones formuladas en su contra\u201d.<\/p>\n\n\n\n<p>Ante el silencio de Ricardo Salinas Pliego, cuya amistad enarbolaba el comunicador y divulgador frente a las mujeres de las que pretend\u00eda abusar, seg\u00fan han contado ellas mismas, son los miembros de las instituciones relacionadas con \u00e9l quienes han dado un paso al frente para desvincularse de un asunto tan espinoso. Destaca el nulo posicionamiento ante este caso por parte de TV Azteca, en una de cuyas cadenas, ADN40, se emite todav\u00eda el programa&nbsp;<em>De Cabeza<\/em>, que conduce el acusado de abusos y violaci\u00f3n. Cada domingo.<\/p>\n\n\n\n<p>Periodistas Unidas de M\u00e9xico\u00a0recopila los testimonios de mujeres que en su d\u00eda se cruzaron en el tristemente famoso s\u00f3tano de la casa del comunicador, enga\u00f1adas por sus promesas de trabajo y \u00e9xito.\u00a0Ya son 30, algunas con denuncia formal en la fiscal\u00eda. Todas las v\u00edctimas han relatado un mismo proceder cuando se acercaba a ellas con zalamer\u00edas sobre su belleza, y c\u00f3mo las citaba en su casa, de donde algunas salieron muy mal paradas y otras lograron escapar antes.<\/p>\n\n\n\n<p>Roemer es profesor, escritor, divulgador cient\u00edfico y ha sido embajador de M\u00e9xico en la Unesco y c\u00f3nsul en San Francisco. Son notables tambi\u00e9n sus colaboraciones pol\u00edticas con funcionarios en diferentes gobiernos. Las noticias estos d\u00edas se suceden como un goteo incesante. La \u00faltima, de corte m\u00e1s pintoresco, es la que informa sobre el proceso que se sigue en Israel para retirar una calle que lleva su nombre. Roemer es de ascendencia jud\u00eda, y fue una actuaci\u00f3n en la Unesco sobre esos asuntos, en contra del sentir del Gobierno mexicano, lo que le ape\u00f3 de esa embajada. Las acusaciones contra \u00e9l le impelieron a retirarse recientemente de la Embajada de Buena Voluntad que tambi\u00e9n ostentaba en la Unesco.<\/p>\n\n\n\n<p>Est\u00e1 por ver qu\u00e9 va a pasar con su relaci\u00f3n con la Ciudad de las Ideas, un festival anual que se ha celebrado en Puebla y ante el que ha manifestado sus dudas el gobernador de ese Estado, Miguel Barbosa, quien opina que Salinas Pliego debe pronunciarse sobre el asunto. Mientras, los miembros del Consejo Asesor ya lo han hecho. Con rotundidad.<\/p>\n\n\n\n<p><strong>Fuente:<\/strong> elpa\u00eds<\/p>\n","protected":false},"excerpt":{"rendered":"<p>Pocos quieren ver ya su nombre asociado al de Andr\u00e9s Roemer, el famoso y bien relacionado comunicador al que numerosas mujeres han se\u00f1alado como\u00a0abusador sexual\u00a0en las \u00faltimas semanas y sobre el que pesan\u00a0cuatro denuncias\u00a0en la fiscal\u00eda, donde tiene una investigaci\u00f3n abierta. Ahora son 11 los asesores del Consejo de la Ciudad de las Ideas los [&hellip;]<\/p>\n","protected":false},"author":2,"featured_media":88522,"comment_status":"open","ping_status":"open","sticky":false,"template":"","format":"standard","meta":{"footnotes":""},"categories":[61],"tags":[],"class_list":["post-88521","post","type-post","status-publish","format-standard","has-post-thumbnail","hentry","category-politica"],"_links":{"self":[{"href":"https:\/\/elcuartopoder.com.mx\/nw\/wp-json\/wp\/v2\/posts\/88521","targetHints":{"allow":["GET"]}}],"collection":[{"href":"https:\/\/elcuartopoder.com.mx\/nw\/wp-json\/wp\/v2\/posts"}],"about":[{"href":"https:\/\/elcuartopoder.com.mx\/nw\/wp-json\/wp\/v2\/types\/post"}],"author":[{"embeddable":true,"href":"https:\/\/elcuartopoder.com.mx\/nw\/wp-json\/wp\/v2\/users\/2"}],"replies":[{"embeddable":true,"href":"https:\/\/elcuartopoder.com.mx\/nw\/wp-json\/wp\/v2\/comments?post=88521"}],"version-history":[{"count":1,"href":"https:\/\/elcuartopoder.com.mx\/nw\/wp-json\/wp\/v2\/posts\/88521\/revisions"}],"predecessor-version":[{"id":88523,"href":"https:\/\/elcuartopoder.com.mx\/nw\/wp-json\/wp\/v2\/posts\/88521\/revisions\/88523"}],"wp:featuredmedia":[{"embeddable":true,"href":"https:\/\/elcuartopoder.com.mx\/nw\/wp-json\/wp\/v2\/media\/88522"}],"wp:attachment":[{"href":"https:\/\/elcuartopoder.com.mx\/nw\/wp-json\/wp\/v2\/media?parent=88521"}],"wp:term":[{"taxonomy":"category","embeddable":true,"href":"https:\/\/elcuartopoder.com.mx\/nw\/wp-json\/wp\/v2\/categories?post=88521"},{"taxonomy":"post_tag","embeddable":true,"href":"https:\/\/elcuartopoder.com.mx\/nw\/wp-json\/wp\/v2\/tags?post=88521"}],"curies":[{"name":"wp","href":"https:\/\/api.w.org\/{rel}","templated":true}]}}