{"id":88531,"date":"2021-03-06T10:32:13","date_gmt":"2021-03-06T15:32:13","guid":{"rendered":"http:\/\/elcuartopoder.com.mx\/nw\/?p=88531"},"modified":"2021-03-06T10:32:15","modified_gmt":"2021-03-06T15:32:15","slug":"el-senado-pidio-al-gobierno-de-cdmx-que-retire-el-planton-de-marihuana-frente-a-sus-instalaciones","status":"publish","type":"post","link":"https:\/\/elcuartopoder.com.mx\/nw\/opinion\/el-senado-pidio-al-gobierno-de-cdmx-que-retire-el-planton-de-marihuana-frente-a-sus-instalaciones\/","title":{"rendered":"El Senado pidi\u00f3 al gobierno de CDMX que retire el plant\u00f3n de marihuana frente a sus instalaciones"},"content":{"rendered":"\n<p>El Senado de la Rep\u00fablica solicit\u00f3 al gobierno de la Ciudad de M\u00e9xico que intervenga en el retiro del \u201cplant\u00f3n\u201d de marihuana que ocupa los jardines en el exterior del recinto de la C\u00e1mara Alta desde febrero de 2020, que se consolid\u00f3 en los \u00faltimos meses como un espacio libre de consumo e intercambio e incluso como mercado.<\/p>\n\n\n\n<p>\u201cYo s\u00ed creo que es momento que el gobierno de la Ciudad de M\u00e9xico ponga especial inter\u00e9s, porque adem\u00e1s est\u00e1 afectando al peat\u00f3n, afecta al peat\u00f3n y afecta a toda la visibilidad tambi\u00e9n del Senado\u201d, asegur\u00f3 este jueves el presidente de la C\u00e1mara Alta, Eduardo Ram\u00edrez, en conferencia de prensa.<\/p>\n\n\n\n<p>El llamado a la administraci\u00f3n de Claudia Sheinbaum para que el sitio deje de ser ocupado de esta forma. Al sitio acuden docenas de personas a diario y cientos los fines de semana. Est\u00e1 ubicado en la esquina de dos de las avenidas m\u00e1s representativas de la capital: Insurgentes y Paseo de la Reforma.<\/p>\n\n\n\n<p>Yo creo que si ellos quieren seguir en su ruta de que esto se regule y se transite, el espacio debe ser en San L\u00e1zaro, en una manifestaci\u00f3n justa<\/p>\n\n\n\n<p>Y es que el Senado aprob\u00f3 a mediados de noviembre de 2020, despu\u00e9s de meses sin encontrar consensos, la regulaci\u00f3n y despenalizaci\u00f3n del uso l\u00fadico de la marihuana en todo el pa\u00eds, y envi\u00f3 el dictamen a la C\u00e1mara de Diputados, que lo discutir\u00e1 la pr\u00f3xima semana y en su caso lo aprobar\u00e1 con modificaciones.<\/p>\n\n\n\n<figure class=\"wp-block-image\"><img decoding=\"async\" src=\"https:\/\/www.marcrixnoticias.com\/wp-content\/uploads\/2021\/03\/MARIGUANA1.jpg\" alt=\"\" class=\"wp-image-400893\"\/><\/figure>\n\n\n\n<p>\u201cHemos pedido a la Ciudad de M\u00e9xico que intervenga. Primeramente con el di\u00e1logo y en una segunda instancia, que ellos que tienen las herramientas de aplicar la ley, lo hagan. Pero, primeramente es un di\u00e1logo e invitarlos, porque esto ya es un espacio donde el Senado ya cumpli\u00f3\u201d, se\u00f1al\u00f3 Ram\u00edrez.<\/p>\n\n\n\n<p>El presidente del Senado asegur\u00f3 que los ciudadanos ya han presentado quejas contra el plant\u00f3n, que entre otras cosas tambi\u00e9n sembr\u00f3 en los jardines de la fachada de la C\u00e1mara Alta plantas de cannabis que han crecido de sobremanera en el sitio.<\/p>\n\n\n\n<p>\u201cSon quejas de personas que no pueden pasar en la noche. Ha existido a veces problemas que se suscitan y que ponen en riesgo la integridad de las personas que por aqu\u00ed pasan\u201d, precis\u00f3 Ram\u00edrez. \u201cEntonces, creo que es una petici\u00f3n muy justa y que vamos a esperar la respuesta del gobierno de la Ciudad de M\u00e9xico\u201d, complet\u00f3.<\/p>\n\n\n\n<figure class=\"wp-block-image\"><img decoding=\"async\" src=\"https:\/\/www.marcrixnoticias.com\/wp-content\/uploads\/2021\/03\/MARIGUANA3.jpg\" alt=\"\" class=\"wp-image-400894\"\/><\/figure>\n\n\n\n<p>De acuerdo con Ram\u00edrez, cuando llegaron las personas a manifestarse, hace poco m\u00e1s de un a\u00f1o, lo hicieron \u201ccon un reclamo justo, con una leg\u00edtima causa: regular el cannabis\u201d, tanto en la parte medicinal como en la parte recreativa. \u201cEntendimos su petici\u00f3n, sin embargo, este Senado cumpli\u00f3, legislamos la materia, se regul\u00f3 y se envi\u00f3 a C\u00e1mara de Diputados\u201d, reiter\u00f3.<\/p>\n\n\n\n<p><strong>Fuente:<\/strong>&nbsp;marcrixnoticias<br><\/p>\n","protected":false},"excerpt":{"rendered":"<p>El Senado de la Rep\u00fablica solicit\u00f3 al gobierno de la Ciudad de M\u00e9xico que intervenga en el retiro del \u201cplant\u00f3n\u201d de marihuana que ocupa los jardines en el exterior del recinto de la C\u00e1mara Alta desde febrero de 2020, que se consolid\u00f3 en los \u00faltimos meses como un espacio libre de consumo e intercambio e [&hellip;]<\/p>\n","protected":false},"author":2,"featured_media":88532,"comment_status":"open","ping_status":"open","sticky":false,"template":"","format":"standard","meta":{"footnotes":""},"categories":[62],"tags":[],"class_list":["post-88531","post","type-post","status-publish","format-standard","has-post-thumbnail","hentry","category-opinion"],"_links":{"self":[{"href":"https:\/\/elcuartopoder.com.mx\/nw\/wp-json\/wp\/v2\/posts\/88531","targetHints":{"allow":["GET"]}}],"collection":[{"href":"https:\/\/elcuartopoder.com.mx\/nw\/wp-json\/wp\/v2\/posts"}],"about":[{"href":"https:\/\/elcuartopoder.com.mx\/nw\/wp-json\/wp\/v2\/types\/post"}],"author":[{"embeddable":true,"href":"https:\/\/elcuartopoder.com.mx\/nw\/wp-json\/wp\/v2\/users\/2"}],"replies":[{"embeddable":true,"href":"https:\/\/elcuartopoder.com.mx\/nw\/wp-json\/wp\/v2\/comments?post=88531"}],"version-history":[{"count":1,"href":"https:\/\/elcuartopoder.com.mx\/nw\/wp-json\/wp\/v2\/posts\/88531\/revisions"}],"predecessor-version":[{"id":88533,"href":"https:\/\/elcuartopoder.com.mx\/nw\/wp-json\/wp\/v2\/posts\/88531\/revisions\/88533"}],"wp:featuredmedia":[{"embeddable":true,"href":"https:\/\/elcuartopoder.com.mx\/nw\/wp-json\/wp\/v2\/media\/88532"}],"wp:attachment":[{"href":"https:\/\/elcuartopoder.com.mx\/nw\/wp-json\/wp\/v2\/media?parent=88531"}],"wp:term":[{"taxonomy":"category","embeddable":true,"href":"https:\/\/elcuartopoder.com.mx\/nw\/wp-json\/wp\/v2\/categories?post=88531"},{"taxonomy":"post_tag","embeddable":true,"href":"https:\/\/elcuartopoder.com.mx\/nw\/wp-json\/wp\/v2\/tags?post=88531"}],"curies":[{"name":"wp","href":"https:\/\/api.w.org\/{rel}","templated":true}]}}