{"id":88540,"date":"2021-03-06T12:35:30","date_gmt":"2021-03-06T17:35:30","guid":{"rendered":"http:\/\/elcuartopoder.com.mx\/nw\/?p=88540"},"modified":"2021-03-06T12:35:32","modified_gmt":"2021-03-06T17:35:32","slug":"sin-definir-fecha-para-abrir-los-centros-comunitarios-de-aprendizaje-de-la-seq","status":"publish","type":"post","link":"https:\/\/elcuartopoder.com.mx\/nw\/municipales\/sin-definir-fecha-para-abrir-los-centros-comunitarios-de-aprendizaje-de-la-seq\/","title":{"rendered":"Sin definir fecha para abrir los Centros Comunitarios de Aprendizaje de la SEQ"},"content":{"rendered":"\n<p><strong>CANC\u00daN, MX.-<\/strong>&nbsp;<strong>Luz Mar\u00eda Abuxaqui Gonz\u00e1lez<\/strong>, coordinadora General de Educaci\u00f3n B\u00e1sica en Quintana Roo, dijo que no hay fecha exacta para la apertura de los Centros Comunitarios de Aprendizaje, ya sea p\u00fablicos o privados, pues eso depender\u00e1 de los tr\u00e1mites que hagan las propias escuelas y de que cumplan algunos lineamientos en los que se involucra al personal docente, alumnado y padres de familia.<\/p>\n\n\n\n<h3 class=\"wp-block-heading\"><strong>Robos en escuelas aumentan<\/strong><\/h3>\n\n\n\n<p>La funcionaria tambi\u00e9n lament\u00f3 que, a casi un a\u00f1o del cierre de las escuelas, en el caso de las p\u00fablicas, hay reportes de 117 v\u00edctimas de vandalismo y robos, en algunos casos hasta seis veces.<\/p>\n\n\n\n<p>\u201cSe han robado, cables del sistema el\u00e9ctrico, la plomer\u00eda, computadoras, en fin, todo lo que ha podido llevarse\u201d, a\u00f1adi\u00f3.<\/p>\n\n\n\n<figure class=\"wp-block-image\"><img decoding=\"async\" src=\"https:\/\/noticaribe.com.mx\/wp\/wp-content\/uploads\/2021\/03\/educacion-2.jpg\" alt=\"\" class=\"wp-image-462315\"\/><\/figure>\n\n\n\n<h3 class=\"wp-block-heading\"><strong>CCA, una estrategias de la SEP<\/strong><\/h3>\n\n\n\n<p>En entrevista para QFM, explic\u00f3 que el proyecto de los Centros Comunitarios de Aprendizaje surgi\u00f3 como parte de una estrategia de la Secretar\u00eda de Educaci\u00f3n, dirigida a los alumnos que presentan mayor rezago educativo y para los alumnos intermitentes, es decir, que no se conectan a las clases a distancia o que aparecen y desaparecen.<\/p>\n\n\n\n<p>\u201cLa intenci\u00f3n es optimizar el aprendizaje, mediante asesor\u00edas a los alumnos que est\u00e1n en esas condiciones\u201d, a\u00f1adi\u00f3.<\/p>\n\n\n\n<p>Estos Centros Comunitarios de Aprendizaje tienen varias condiciones, uno es solicitar su ingreso mediante la p\u00e1gina web de la Secretar\u00eda para verificar, entre otras cosas, que se tiene la anuencia del padre de familia para acudir a la escuela. Los maestros igual deber\u00e1n haber firmado una carta responsiva.<\/p>\n\n\n\n<p>Las asesor\u00edas no podr\u00e1n ser mayores a 40 minutos en grupos reducidos. En caso de nivel preescolar ser\u00e1 un m\u00e1ximo de seis ni\u00f1os; en primaria, ocho, y secundaria, nueve. Se cuidar\u00e1 la sana distancia, y ser\u00e1 obligatorio el uso de cubrebocas.<\/p>\n\n\n\n<p>\u201cHemos recibido varias solicitudes de escuelas p\u00fablicas y privadas, pues hay inter\u00e9s de los maestros por recuperar a esos alumnos que no han podido ver o no tienen suficiente contacto para saber en qu\u00e9 condiciones de aprendizaje est\u00e1n.<\/p>\n\n\n\n<p>Luz Mar\u00eda Abuxaqui reiter\u00f3 que no hay fecha concreta para abrir esos centros de aprendizaje, pues primero deber\u00e1n hacer la solicitud, acreditar los requisitos, entre ellos la carta de aceptaci\u00f3n de la Secretaria de Educaci\u00f3n.\u00a0<\/p>\n\n\n\n<p><strong>Fuente: <\/strong>Noticaribe<\/p>\n","protected":false},"excerpt":{"rendered":"<p>CANC\u00daN, MX.-&nbsp;Luz Mar\u00eda Abuxaqui Gonz\u00e1lez, coordinadora General de Educaci\u00f3n B\u00e1sica en Quintana Roo, dijo que no hay fecha exacta para la apertura de los Centros Comunitarios de Aprendizaje, ya sea p\u00fablicos o privados, pues eso depender\u00e1 de los tr\u00e1mites que hagan las propias escuelas y de que cumplan algunos lineamientos en los que se involucra [&hellip;]<\/p>\n","protected":false},"author":2,"featured_media":88541,"comment_status":"open","ping_status":"open","sticky":false,"template":"","format":"standard","meta":{"footnotes":""},"categories":[6],"tags":[],"class_list":["post-88540","post","type-post","status-publish","format-standard","has-post-thumbnail","hentry","category-municipales"],"_links":{"self":[{"href":"https:\/\/elcuartopoder.com.mx\/nw\/wp-json\/wp\/v2\/posts\/88540","targetHints":{"allow":["GET"]}}],"collection":[{"href":"https:\/\/elcuartopoder.com.mx\/nw\/wp-json\/wp\/v2\/posts"}],"about":[{"href":"https:\/\/elcuartopoder.com.mx\/nw\/wp-json\/wp\/v2\/types\/post"}],"author":[{"embeddable":true,"href":"https:\/\/elcuartopoder.com.mx\/nw\/wp-json\/wp\/v2\/users\/2"}],"replies":[{"embeddable":true,"href":"https:\/\/elcuartopoder.com.mx\/nw\/wp-json\/wp\/v2\/comments?post=88540"}],"version-history":[{"count":1,"href":"https:\/\/elcuartopoder.com.mx\/nw\/wp-json\/wp\/v2\/posts\/88540\/revisions"}],"predecessor-version":[{"id":88542,"href":"https:\/\/elcuartopoder.com.mx\/nw\/wp-json\/wp\/v2\/posts\/88540\/revisions\/88542"}],"wp:featuredmedia":[{"embeddable":true,"href":"https:\/\/elcuartopoder.com.mx\/nw\/wp-json\/wp\/v2\/media\/88541"}],"wp:attachment":[{"href":"https:\/\/elcuartopoder.com.mx\/nw\/wp-json\/wp\/v2\/media?parent=88540"}],"wp:term":[{"taxonomy":"category","embeddable":true,"href":"https:\/\/elcuartopoder.com.mx\/nw\/wp-json\/wp\/v2\/categories?post=88540"},{"taxonomy":"post_tag","embeddable":true,"href":"https:\/\/elcuartopoder.com.mx\/nw\/wp-json\/wp\/v2\/tags?post=88540"}],"curies":[{"name":"wp","href":"https:\/\/api.w.org\/{rel}","templated":true}]}}