{"id":88547,"date":"2021-03-06T19:51:54","date_gmt":"2021-03-07T00:51:54","guid":{"rendered":"http:\/\/elcuartopoder.com.mx\/nw\/?p=88547"},"modified":"2021-03-06T19:51:55","modified_gmt":"2021-03-07T00:51:55","slug":"propone-amlo-vacunar-a-maestros-en-yucatan-como-ocurre-en-campeche","status":"publish","type":"post","link":"https:\/\/elcuartopoder.com.mx\/nw\/varios\/propone-amlo-vacunar-a-maestros-en-yucatan-como-ocurre-en-campeche\/","title":{"rendered":"Propone AMLO vacunar a maestros en Yucat\u00e1n, como ocurre en Campeche"},"content":{"rendered":"\n<p>El presidente Andr\u00e9s Manuel L\u00f3pez Obrador propuso que, ante la constante llegada de vacunas contra el COVID-19, se buscar\u00e1 que al igual que en Campeche, se vacune a los maestros del estado de Yucat\u00e1n para iniciar las clases presenciales antes de que termine el ciclo escolar vigente.<\/p>\n\n\n\n<p>Durante la supervisi\u00f3n de los avances del Tramo 4 del Tren Maya, L\u00f3pez Obrador manifest\u00f3 que se cuenta con el suministro suficiente de dosis para vacunar todos los d\u00edas en Yucat\u00e1n.<\/p>\n\n\n\n<p>\u201cDecirle a todo el pueblo de Yucat\u00e1n que ya no vamos a detenernos, ya tenemos afortunadamente el suministro suficiente de vacunas para vacunar todos los d\u00edas en Yucat\u00e1n. Ya se sabe que primero se atendi\u00f3 a m\u00e9dicos, a enfermeras, a trabajadores de la salud, que est\u00e1n salvando vidas en&nbsp;hospitales Covid&nbsp;y ahora ya se inici\u00f3 la vacunaci\u00f3n de adultos mayores\u201d, se\u00f1al\u00f3.<\/p>\n\n\n\n<p>El mandatario a\u00f1adi\u00f3: \u201cSi continuamos de esta manera, en abril a m\u00e1s tardar, el mes pr\u00f3ximo, tendremos vacunados a todos los adultos mayores de Yucat\u00e1n y, si no nos fallan los suministros de vacunas, vamos tambi\u00e9n a proteger a maestros, a trabajadores de la educaci\u00f3n, para que, como lo plante\u00e9 por la ma\u00f1ana, en el caso de Campeche tambi\u00e9n Yucat\u00e1n reinicie clases presenciales lo m\u00e1s pronto posible\u201d.<\/p>\n\n\n\n<p>L\u00f3pez Obrador asegur\u00f3 que \u201csi vacunamos a todos los&nbsp;adultos mayores de Yucat\u00e1n&nbsp;y tambi\u00e9n a maestras, a maestros, a trabajadores de la educaci\u00f3n, podemos reiniciar las clases presenciales en Yucat\u00e1n antes de que finalice este ciclo escolar\u201d.<\/p>\n\n\n\n<p>El Ejecutivo federal record\u00f3 que, seg\u00fan especialistas, si se vacuna a los mayores de 60 a\u00f1os, se podr\u00e1 disminuir la mortalidad del virus en un 80 por ciento.<\/p>\n\n\n\n<p><strong>Fuente<\/strong>: XEU<\/p>\n","protected":false},"excerpt":{"rendered":"<p>El presidente Andr\u00e9s Manuel L\u00f3pez Obrador propuso que, ante la constante llegada de vacunas contra el COVID-19, se buscar\u00e1 que al igual que en Campeche, se vacune a los maestros del estado de Yucat\u00e1n para iniciar las clases presenciales antes de que termine el ciclo escolar vigente. Durante la supervisi\u00f3n de los avances del Tramo [&hellip;]<\/p>\n","protected":false},"author":2,"featured_media":88548,"comment_status":"open","ping_status":"open","sticky":false,"template":"","format":"standard","meta":{"footnotes":""},"categories":[64],"tags":[],"class_list":["post-88547","post","type-post","status-publish","format-standard","has-post-thumbnail","hentry","category-varios"],"_links":{"self":[{"href":"https:\/\/elcuartopoder.com.mx\/nw\/wp-json\/wp\/v2\/posts\/88547","targetHints":{"allow":["GET"]}}],"collection":[{"href":"https:\/\/elcuartopoder.com.mx\/nw\/wp-json\/wp\/v2\/posts"}],"about":[{"href":"https:\/\/elcuartopoder.com.mx\/nw\/wp-json\/wp\/v2\/types\/post"}],"author":[{"embeddable":true,"href":"https:\/\/elcuartopoder.com.mx\/nw\/wp-json\/wp\/v2\/users\/2"}],"replies":[{"embeddable":true,"href":"https:\/\/elcuartopoder.com.mx\/nw\/wp-json\/wp\/v2\/comments?post=88547"}],"version-history":[{"count":1,"href":"https:\/\/elcuartopoder.com.mx\/nw\/wp-json\/wp\/v2\/posts\/88547\/revisions"}],"predecessor-version":[{"id":88549,"href":"https:\/\/elcuartopoder.com.mx\/nw\/wp-json\/wp\/v2\/posts\/88547\/revisions\/88549"}],"wp:featuredmedia":[{"embeddable":true,"href":"https:\/\/elcuartopoder.com.mx\/nw\/wp-json\/wp\/v2\/media\/88548"}],"wp:attachment":[{"href":"https:\/\/elcuartopoder.com.mx\/nw\/wp-json\/wp\/v2\/media?parent=88547"}],"wp:term":[{"taxonomy":"category","embeddable":true,"href":"https:\/\/elcuartopoder.com.mx\/nw\/wp-json\/wp\/v2\/categories?post=88547"},{"taxonomy":"post_tag","embeddable":true,"href":"https:\/\/elcuartopoder.com.mx\/nw\/wp-json\/wp\/v2\/tags?post=88547"}],"curies":[{"name":"wp","href":"https:\/\/api.w.org\/{rel}","templated":true}]}}