{"id":88550,"date":"2021-03-06T20:00:31","date_gmt":"2021-03-07T01:00:31","guid":{"rendered":"http:\/\/elcuartopoder.com.mx\/nw\/?p=88550"},"modified":"2021-03-06T20:00:33","modified_gmt":"2021-03-07T01:00:33","slug":"espana-prohibe-marchas-feministas-para-el-proximo-8-de-marzo","status":"publish","type":"post","link":"https:\/\/elcuartopoder.com.mx\/nw\/internacionales\/espana-prohibe-marchas-feministas-para-el-proximo-8-de-marzo\/","title":{"rendered":"Espa\u00f1a proh\u00edbe marchas feministas para el pr\u00f3ximo 8 de marzo"},"content":{"rendered":"\n<p>El Gobierno de Espa\u00f1a prohibi\u00f3&nbsp;las marchas&nbsp;para conmemorar el&nbsp;D\u00eda Internacional de la Mujer&nbsp;convocadas para el pr\u00f3ximo&nbsp;8 de marzo en Madrid, despu\u00e9s de que las del a\u00f1o pasado se suscitara una&nbsp;pol\u00e9mica sobre si fueron el origen de un alto n\u00fameros de contagios de COVID-19.<\/p>\n\n\n\n<p>\u00abMadrid sigue siendo uno de los territorios de Espa\u00f1a con mayor \u00edndice de contagios, as\u00ed como de personas hospitalizadas, por encima de la media nacional\u00bb, declar\u00f3 en rueda de prensa el delegado del Gobierno en la Comunidad de Madrid.<\/p>\n\n\n\n<p>El delegado del Gobierno en la Comunidad de Madrid, Jos\u00e9 Manuel Franco. dijo que la Administraci\u00f3n&nbsp;hab\u00eda recibido 104 solicitudes de manifestaciones&nbsp;para los d\u00edas 7 y 8 de marzo, lo que habr\u00eda llevado a las calles de la capital al menos a 60 mil personas.<\/p>\n\n\n\n<p>El n\u00famero de contagios por cada\u00a0100 mil personas de las dos \u00faltimas semanas\u00a0ha descendido notablemente en toda Espa\u00f1a hasta situarse en una media de 160 casos, pero Madrid es la \u00fanica regi\u00f3n en la que se superan los 250, un umbral que el Ministerio de Sanidad considera de \u00abriesgo extremo\u00bb de contagio.<\/p>\n\n\n\n<p><strong>Fuente: <\/strong>XEU<\/p>\n","protected":false},"excerpt":{"rendered":"<p>El Gobierno de Espa\u00f1a prohibi\u00f3&nbsp;las marchas&nbsp;para conmemorar el&nbsp;D\u00eda Internacional de la Mujer&nbsp;convocadas para el pr\u00f3ximo&nbsp;8 de marzo en Madrid, despu\u00e9s de que las del a\u00f1o pasado se suscitara una&nbsp;pol\u00e9mica sobre si fueron el origen de un alto n\u00fameros de contagios de COVID-19. \u00abMadrid sigue siendo uno de los territorios de Espa\u00f1a con mayor \u00edndice de [&hellip;]<\/p>\n","protected":false},"author":2,"featured_media":88551,"comment_status":"open","ping_status":"open","sticky":false,"template":"","format":"standard","meta":{"footnotes":""},"categories":[8],"tags":[],"class_list":["post-88550","post","type-post","status-publish","format-standard","has-post-thumbnail","hentry","category-internacionales"],"_links":{"self":[{"href":"https:\/\/elcuartopoder.com.mx\/nw\/wp-json\/wp\/v2\/posts\/88550","targetHints":{"allow":["GET"]}}],"collection":[{"href":"https:\/\/elcuartopoder.com.mx\/nw\/wp-json\/wp\/v2\/posts"}],"about":[{"href":"https:\/\/elcuartopoder.com.mx\/nw\/wp-json\/wp\/v2\/types\/post"}],"author":[{"embeddable":true,"href":"https:\/\/elcuartopoder.com.mx\/nw\/wp-json\/wp\/v2\/users\/2"}],"replies":[{"embeddable":true,"href":"https:\/\/elcuartopoder.com.mx\/nw\/wp-json\/wp\/v2\/comments?post=88550"}],"version-history":[{"count":1,"href":"https:\/\/elcuartopoder.com.mx\/nw\/wp-json\/wp\/v2\/posts\/88550\/revisions"}],"predecessor-version":[{"id":88552,"href":"https:\/\/elcuartopoder.com.mx\/nw\/wp-json\/wp\/v2\/posts\/88550\/revisions\/88552"}],"wp:featuredmedia":[{"embeddable":true,"href":"https:\/\/elcuartopoder.com.mx\/nw\/wp-json\/wp\/v2\/media\/88551"}],"wp:attachment":[{"href":"https:\/\/elcuartopoder.com.mx\/nw\/wp-json\/wp\/v2\/media?parent=88550"}],"wp:term":[{"taxonomy":"category","embeddable":true,"href":"https:\/\/elcuartopoder.com.mx\/nw\/wp-json\/wp\/v2\/categories?post=88550"},{"taxonomy":"post_tag","embeddable":true,"href":"https:\/\/elcuartopoder.com.mx\/nw\/wp-json\/wp\/v2\/tags?post=88550"}],"curies":[{"name":"wp","href":"https:\/\/api.w.org\/{rel}","templated":true}]}}