{"id":92729,"date":"2021-07-16T10:09:59","date_gmt":"2021-07-16T15:09:59","guid":{"rendered":"http:\/\/elcuartopoder.com.mx\/nw\/?p=92729"},"modified":"2021-07-16T10:10:01","modified_gmt":"2021-07-16T15:10:01","slug":"la-enfermedad-que-desfigura-el-rostro-de-un-nino-en-15-dias","status":"publish","type":"post","link":"https:\/\/elcuartopoder.com.mx\/nw\/internacionales\/la-enfermedad-que-desfigura-el-rostro-de-un-nino-en-15-dias\/","title":{"rendered":"La enfermedad que desfigura el rostro de un ni\u00f1o en 15 d\u00edas"},"content":{"rendered":"\n<p>15 d\u00edas. Es el tiempo que la enfermedad de noma tarda\u00a0en desfigurar el rostro de un ni\u00f1o para siempre. Comienza con una infecci\u00f3n bacteriana que inflama las enc\u00edas; si no se trata con un antibi\u00f3tico, el tratamiento recomendado, se propaga r\u00e1pidamente y en solo unos d\u00edas corroe tejidos y huesos. Es una de las llamadas enfermedades tropicales desatendidas (ETDs), aunque a\u00fan no reconocida oficialmente, y afecta principalmente a ni\u00f1os menores de siete a\u00f1os que viven en la pobreza.\u00a0Seg\u00fan la Organizaci\u00f3n Mundial de la Salud (OMS), unas 140.000 personas la sufren cada a\u00f1o\u00a0y hasta el 90% de las personas infectadas mueren en las dos primeras semanas. <\/p>\n\n\n\n<p>En apenas unos d\u00edas. Eso fue lo que necesit\u00f3 Amina, una joven nigeriana de 18 a\u00f1os, para notar c\u00f3mo su rostro cambiaba para siempre: comenz\u00f3 a notar fiebre, despu\u00e9s sus enc\u00edas m\u00e1s y m\u00e1s hinchadas y d\u00e9biles, hasta sentir que se le formaba un hueco en ellas. Mientras cuenta esto, frente a una c\u00e1mara, tapa su cara desfigurada con el velo que cubre su cabeza. Ella, junto a otros enfermos de noma, es una de las protagonistas del documental\u00a0<em>Restoring Dignity<\/em>, de las directoras Claire Jeantet and Fabrice Cat\u00e9rini, en colaboraci\u00f3n con M\u00e9dicos Sin Fronteras (MSF). En \u00e9l se cuenta c\u00f3mo los supervivientes\u00a0de noma, que no es contagioso,\u00a0han lidiado con sus secuelas, f\u00edsicas y psicol\u00f3gicas, y c\u00f3mo una operaci\u00f3n para restablecer su rostro les cambia la vida.<\/p>\n\n\n\n<div class=\"wp-block-image\"><figure class=\"alignright is-resized\"><img loading=\"lazy\" decoding=\"async\" src=\"https:\/\/imagenes.elpais.com\/resizer\/RaORvw9_rNPwKrF3Xswht6xqDhk=\/414x0\/cloudfront-eu-central-1.images.arcpublishing.com\/prisa\/7TTR4LICIVF6ZOHAWUFZIVJITE.jpg\" alt=\"Samuel Joseph, un enfermero de M\u00e9dicos Sin Fronteras (MSF), habla con Bilya, un paciente de noma de 20 a\u00f1os, el d\u00eda antes de su primera cirug\u00eda.\" width=\"358\" height=\"240\"\/><figcaption>Samuel Joseph, un enfermero de M\u00e9dicos Sin Fronteras (MSF), habla con Bilya, un paciente de noma de 20 a\u00f1os, el d\u00eda antes de su primera cirug\u00eda.CLAIRE JEANTET &#8211; FABRICE CATERINI \/ INEDIZ \/ CLAIRE JEANTET &#8211; FABRICE CATERIN<\/figcaption><\/figure><\/div>\n\n\n\n<p>La operaci\u00f3n la llevan a cabo\u00a0en el Noma Children Hospital de Sokoto, una ciudad al noroeste de Nigeria, uno de los pocos centros en el mundo especializados en esta cirug\u00eda. \u201cAlgunos de estos supervivientes tienen cicatrices y son rechazados en sus comunidades. Pero la buena noticia es que cuando vienen y se someten a la operaci\u00f3n, vuelven a vivir en sociedad\u201d, explica por tel\u00e9fono Samuel Joseph, un enfermero de M\u00e9dicos Sin Fronteras (MSF) que acompa\u00f1a a los pacientes en su proceso desde que llegan al centro sanitario hasta que lo abandonan, ya recuperados. Tras la intervenci\u00f3n, muchos de ellos pueden volver a respirar bien, recuperan la movilidad total de la boca y dejan de ser el blanco de las miradas de todos por su rostro desfigurado. \u201cRecuerdo con especial cari\u00f1o a una joven que sufri\u00f3 noma desde los dos a\u00f1os y que a los 20 se oper\u00f3; y a otro chico que despu\u00e9s de ser operado, pudo volver a trabajar y a casarse\u201c, rememora Joseph.<\/p>\n\n\n\n<p>Pero noma no es la \u00fanica enfermedad desatendida que afecta a la infancia y que arrastra sus secuelas hasta la edad adulta. Pian es otra de las dolencias tropicales que tambi\u00e9n borra los rostros y deforma las piernas a qui\u00e9n la padece y no la trata. Seg\u00fan la OMS, afecta a 500.000 personas y aproximadamente un 75-80% de los enfermos son menores de 15 a\u00f1os, de los que la m\u00e1xima incidencia se registra entre ni\u00f1os de seis a 10. Al igual que el noma, que tiene su m\u00e1xima prevalencia en \u00c1frica subsahariana y Asia, el pian est\u00e1 presente en 15 pa\u00edses, focalizados en dos regiones: en los bosques tropicales del Congo, Ghana y Costa de Marfil y en las islas del Pac\u00edfico, como son Timor Oriental e Indonesia, Pap\u00faa Nueva Guinea, Islas Salom\u00f3n y Vanuatu. <\/p>\n\n\n\n<p>\u201cEs una enfermedad directamente vinculada con la pobreza; son ni\u00f1os que viven lejos de un centro de atenci\u00f3n primaria, a los que le salen \u00falceras y no pueden acceder a un tratamiento de inmediato. Es muy curioso porque vayas al pa\u00eds que vayas sucede lo mismo. No es tanto un problema general, sino de zonas espec\u00edficamente pobres, s\u00faper aisladas, como algunas de India, en las que hay tribus afectadas por el pian y no est\u00e1n cerca de ciudades como Bombay y Delhi. En Ghana, por nombrar otro lugar, tampoco est\u00e1 presente en ciudades como Accra\u201d, explica al tel\u00e9fono Oriol Mitj\u00e0, m\u00e9dico y profesor asociado del Consejo Europeo de Investigaci\u00f3n en el hospital Germans Trias i Pujol de Badalona (Barcelona).\u00a0El cient\u00edfico catal\u00e1n ha centrado su carrera en tratar de erradicar el pian.<\/p>\n\n\n\n<h3 class=\"wp-block-heading\">Avances cient\u00edficos y detecci\u00f3n precoz, factores clave<\/h3>\n\n\n\n<p>Desde 1950,\u00a0la OMS y Unicef han luchado para erradicar el pian, enfermedad infecciosa que est\u00e1 emparentada con la s\u00edfilis, pero que no se transmite por v\u00eda sexual. La \u00faltima estrategia para acabar con ella la puso en marcha la OMS en 2020. Este a\u00f1o, y tras la celebraci\u00f3n el d\u00eda mundial de las ETD, el pasado 30 de enero, la Organizaci\u00f3n Mundial de la Salud presentaba\u00a0una ruta con una meta ambiciosa, en la que tambi\u00e9n estaba incluida la lucha contra el pian:\u00a0reducir en un 90%, la poblaci\u00f3n que requiere atenci\u00f3n por una o varias enfermedades tropicales desatendidas (ETD), de aqu\u00ed a 2030.\u00a0Las ETD forman un grupo de 20 enfermedades con grandes diferencias, pero tambi\u00e9n algo fundamental en com\u00fan: los efectos devastadores sobre la salud y las condiciones socioecon\u00f3micas de poblaciones, en muchos casos, ya empobrecidas.La falta de recursos para este tipo de enfermedades desatendidas, al final obstaculiza el progreso y el desarrollo no solo de estas personas, sino de las comunidades y de los pa\u00edses donde las sufreEGUZKI\u00d1E MU\u00d1OZ, COORDINADORA DE PROGRAMAS DE COSTA DE MARFIL DE ANESVAD<\/p>\n\n\n\n<p>\u201cLa falta de recursos para este tipo de enfermedades desatendidas, al final obstaculiza el progreso y el desarrollo no solo de los pacientes, sino de las comunidades y de los pa\u00edses donde las sufren y deteriora a\u00fan m\u00e1s su nivel de vida ya precario. Todo esto conlleva a perpetuar el c\u00edrculo vicioso de la pobreza y la enfermedad, ya que a la vez son causa y consecuencia de ella\u201d, explica al tel\u00e9fono Eguzki\u00f1e Mu\u00f1oz, coordinadora de programas de Costa de Marfil de\u00a0Anesvad, una organizaci\u00f3n espa\u00f1ola que trabaja en la lucha contra las enfermedades tropicales olvidadas.<\/p>\n\n\n\n<p>Costa de Marfil se ha unido a la hoja de ruta de la OMS para la erradicaci\u00f3n del pian. En sus planes tiene previsto realizar una evaluaci\u00f3n de la situaci\u00f3n de la enfermedad \u2014investigaci\u00f3n cl\u00ednica y serol\u00f3gica\u2014 y disponer de datos fiables para planificar las intervenciones terap\u00e9uticas en las comunidades, seg\u00fan explica Mu\u00f1oz. \u201cAdem\u00e1s de recabar datos, con el apoyo del ministerio de salud, tambi\u00e9n haremos formaci\u00f3n de sanitarios, pero a su vez sensibilizaci\u00f3n y campa\u00f1as de detecci\u00f3n de casos precoces en las escuelas: vamos a los centros educativos y buscamos a todos aquellos ni\u00f1os que tengan alguna marca en la piel. Si se les puede tratar directamente all\u00ed lo hacemos, o bien si el caso es m\u00e1s grave, se deriva a alg\u00fan centro especializado\u201d, explica la coordinadora.El investigador catal\u00e1n Oriol Mitj\u00e0 fue uno de los cient\u00edficos que en 2012 descubri\u00f3 que con una sola pastilla de azitromicina, un antibi\u00f3tico para la otitis y la bronquitis, los ni\u00f1os con pian se curaban<\/p>\n\n\n\n<p>Este trabajo de detecci\u00f3n precoz fue tambi\u00e9n fundamental para Mitj\u00e0 en el tiempo que pas\u00f3 en la isla de Lihir, en medio del oc\u00e9ano Pac\u00edfico, en Pap\u00faa Nueva Guinea,\u00a0trabajando en terreno para conocer de cerca el pian y erradicarlo. \u201cLo que nos encontr\u00e1bamos era que no era suficiente esperar en el hospital a tratar a los ni\u00f1os, sino que ten\u00edamos que irlos a buscar nosotros, all\u00e1 donde acababan las carreteras, porque los padres no los tra\u00edan. Muchos de ellos, pobres, que trataban las heridas con m\u00e9todos tradicionales, no sab\u00edan nada de la enfermedad, no sab\u00edan que era. Y ah\u00ed te encontrabas con ni\u00f1os que adem\u00e1s de estigmatizados, estaban olvidados por sus familias y por supuesto, tristes\u201d, asegura el cient\u00edfico.<\/p>\n\n\n\n<p>El investigador catal\u00e1n Mitj\u00e0, que fue uno de los cient\u00edficos que\u00a0en 2012 descubri\u00f3 que con una sola pastilla de azitromicina, un antibi\u00f3tico que se suele emplear para bronquitis y otitis en el mundo desarrollado, los ni\u00f1os con pian se curaban, se encuentra inmerso en un nuevo estudio, financiado por el Consejo Europeo de Investigaci\u00f3n, para tratar de demostrar si tres rondas del antibi\u00f3tico son m\u00e1s eficaces que una dosis para aquellos casos de enfermos que han demostrado resistencia al tratamiento. \u201cSi conseguimos demostrar esto, es un nuevo paso en la ciencia que tiene el potencial de cambiar la forma de abordar la pr\u00e1ctica cl\u00ednica\u201d, asegura. Un descubrimiento que podr\u00eda devolverles una vida normal a esos ni\u00f1os a los que el cient\u00edfico ve\u00eda abandonados en las barracas de bamb\u00fa frente a las playas del Pac\u00edfico.<\/p>\n\n\n\n<p><strong>Fuente: <\/strong>elpa\u00eds<\/p>\n","protected":false},"excerpt":{"rendered":"<p>15 d\u00edas. Es el tiempo que la enfermedad de noma tarda\u00a0en desfigurar el rostro de un ni\u00f1o para siempre. Comienza con una infecci\u00f3n bacteriana que inflama las enc\u00edas; si no se trata con un antibi\u00f3tico, el tratamiento recomendado, se propaga r\u00e1pidamente y en solo unos d\u00edas corroe tejidos y huesos. Es una de las llamadas [&hellip;]<\/p>\n","protected":false},"author":2,"featured_media":92730,"comment_status":"open","ping_status":"open","sticky":false,"template":"","format":"standard","meta":{"footnotes":""},"categories":[8],"tags":[],"class_list":["post-92729","post","type-post","status-publish","format-standard","has-post-thumbnail","hentry","category-internacionales"],"_links":{"self":[{"href":"https:\/\/elcuartopoder.com.mx\/nw\/wp-json\/wp\/v2\/posts\/92729","targetHints":{"allow":["GET"]}}],"collection":[{"href":"https:\/\/elcuartopoder.com.mx\/nw\/wp-json\/wp\/v2\/posts"}],"about":[{"href":"https:\/\/elcuartopoder.com.mx\/nw\/wp-json\/wp\/v2\/types\/post"}],"author":[{"embeddable":true,"href":"https:\/\/elcuartopoder.com.mx\/nw\/wp-json\/wp\/v2\/users\/2"}],"replies":[{"embeddable":true,"href":"https:\/\/elcuartopoder.com.mx\/nw\/wp-json\/wp\/v2\/comments?post=92729"}],"version-history":[{"count":1,"href":"https:\/\/elcuartopoder.com.mx\/nw\/wp-json\/wp\/v2\/posts\/92729\/revisions"}],"predecessor-version":[{"id":92731,"href":"https:\/\/elcuartopoder.com.mx\/nw\/wp-json\/wp\/v2\/posts\/92729\/revisions\/92731"}],"wp:featuredmedia":[{"embeddable":true,"href":"https:\/\/elcuartopoder.com.mx\/nw\/wp-json\/wp\/v2\/media\/92730"}],"wp:attachment":[{"href":"https:\/\/elcuartopoder.com.mx\/nw\/wp-json\/wp\/v2\/media?parent=92729"}],"wp:term":[{"taxonomy":"category","embeddable":true,"href":"https:\/\/elcuartopoder.com.mx\/nw\/wp-json\/wp\/v2\/categories?post=92729"},{"taxonomy":"post_tag","embeddable":true,"href":"https:\/\/elcuartopoder.com.mx\/nw\/wp-json\/wp\/v2\/tags?post=92729"}],"curies":[{"name":"wp","href":"https:\/\/api.w.org\/{rel}","templated":true}]}}