{"id":92732,"date":"2021-07-16T10:11:45","date_gmt":"2021-07-16T15:11:45","guid":{"rendered":"http:\/\/elcuartopoder.com.mx\/nw\/?p=92732"},"modified":"2021-07-16T10:11:46","modified_gmt":"2021-07-16T15:11:46","slug":"en-2020-aumentaron-111-las-cremaciones-en-panteones-publicos-inegi","status":"publish","type":"post","link":"https:\/\/elcuartopoder.com.mx\/nw\/destacadas\/en-2020-aumentaron-111-las-cremaciones-en-panteones-publicos-inegi\/","title":{"rendered":"En 2020 aumentaron 111% las cremaciones en panteones p\u00fablicos: INEGI"},"content":{"rendered":"\n<p>El INEGI revel\u00f3 que en 2020, aument\u00f3 111% el n\u00famero de cremaciones en los panteones p\u00fablicos en M\u00e9xico.<\/p>\n\n\n\n<p>De acuerdo con la recopilaci\u00f3n de Informaci\u00f3n de los Cementerios P\u00fablicos en las Zonas Metropolitanas del pa\u00eds, en 2020 se registraron un total de 29 mil 187 incineraciones, m\u00e1s del doble de las registradas en 2019, cuando ascendieron a 13 mil 831.<\/p>\n\n\n\n<p>Respecto de los panteones que contaron con servicio de crematorio al cierre de 2020, se reportaron 30, en los cuales se registraron 38 hornos para cremaci\u00f3n o incineraci\u00f3n en funcionamiento, 2.7% m\u00e1s que en 2019.<\/p>\n\n\n\n<p>Las zonas con mayor n\u00famero de cad\u00e1veres cremados fueron: Valle de M\u00e9xico con 22 mil 065, Guadalajara 2 mil 008, Puebla-Tlaxcala con 950 y Saltillo, con 930.<\/p>\n\n\n\n<p>En tanto en los cementerios p\u00fablicos, el a\u00f1o pasado 198 mil 686 fallecidos fueron sepultados, casi 44 mil m\u00e1s que en 2019.<\/p>\n\n\n\n<p>Seg\u00fan la recopilaci\u00f3n del INEGI, durante 2020 se reportaron mil 452 panteones establecidos en los municipios o demarcaciones territoriales del pa\u00eds, en donde laboraron 5 mil 337 personas, el 80% hombres y la mayor\u00eda de ellos realiz\u00f3 actividades de tipo operativo es decir en labores de inhumaci\u00f3n y cremaci\u00f3n.<\/p>\n\n\n\n<p>El personal de base en los cementerios baj\u00f3 1.2% en 2020 respecto a 2019, pero diversos panteones tuvieron que contratar m\u00e1s personal de forma informal ante la mayor carga de trabajo.<\/p>\n\n\n\n<p><strong>Fuente<\/strong>: marcrixnoticias<\/p>\n","protected":false},"excerpt":{"rendered":"<p>El INEGI revel\u00f3 que en 2020, aument\u00f3 111% el n\u00famero de cremaciones en los panteones p\u00fablicos en M\u00e9xico. De acuerdo con la recopilaci\u00f3n de Informaci\u00f3n de los Cementerios P\u00fablicos en las Zonas Metropolitanas del pa\u00eds, en 2020 se registraron un total de 29 mil 187 incineraciones, m\u00e1s del doble de las registradas en 2019, cuando [&hellip;]<\/p>\n","protected":false},"author":2,"featured_media":92733,"comment_status":"open","ping_status":"open","sticky":false,"template":"","format":"standard","meta":{"footnotes":""},"categories":[59],"tags":[],"class_list":["post-92732","post","type-post","status-publish","format-standard","has-post-thumbnail","hentry","category-destacadas"],"_links":{"self":[{"href":"https:\/\/elcuartopoder.com.mx\/nw\/wp-json\/wp\/v2\/posts\/92732","targetHints":{"allow":["GET"]}}],"collection":[{"href":"https:\/\/elcuartopoder.com.mx\/nw\/wp-json\/wp\/v2\/posts"}],"about":[{"href":"https:\/\/elcuartopoder.com.mx\/nw\/wp-json\/wp\/v2\/types\/post"}],"author":[{"embeddable":true,"href":"https:\/\/elcuartopoder.com.mx\/nw\/wp-json\/wp\/v2\/users\/2"}],"replies":[{"embeddable":true,"href":"https:\/\/elcuartopoder.com.mx\/nw\/wp-json\/wp\/v2\/comments?post=92732"}],"version-history":[{"count":1,"href":"https:\/\/elcuartopoder.com.mx\/nw\/wp-json\/wp\/v2\/posts\/92732\/revisions"}],"predecessor-version":[{"id":92734,"href":"https:\/\/elcuartopoder.com.mx\/nw\/wp-json\/wp\/v2\/posts\/92732\/revisions\/92734"}],"wp:featuredmedia":[{"embeddable":true,"href":"https:\/\/elcuartopoder.com.mx\/nw\/wp-json\/wp\/v2\/media\/92733"}],"wp:attachment":[{"href":"https:\/\/elcuartopoder.com.mx\/nw\/wp-json\/wp\/v2\/media?parent=92732"}],"wp:term":[{"taxonomy":"category","embeddable":true,"href":"https:\/\/elcuartopoder.com.mx\/nw\/wp-json\/wp\/v2\/categories?post=92732"},{"taxonomy":"post_tag","embeddable":true,"href":"https:\/\/elcuartopoder.com.mx\/nw\/wp-json\/wp\/v2\/tags?post=92732"}],"curies":[{"name":"wp","href":"https:\/\/api.w.org\/{rel}","templated":true}]}}