{"id":92738,"date":"2021-07-16T10:17:47","date_gmt":"2021-07-16T15:17:47","guid":{"rendered":"http:\/\/elcuartopoder.com.mx\/nw\/?p=92738"},"modified":"2021-07-16T10:17:49","modified_gmt":"2021-07-16T15:17:49","slug":"el-guero-palma-otra-vez-en-el-altiplano-la-jugada-de-la-fiscalia-para-mantenerlo-entre-rejas","status":"publish","type":"post","link":"https:\/\/elcuartopoder.com.mx\/nw\/policiacas\/el-guero-palma-otra-vez-en-el-altiplano-la-jugada-de-la-fiscalia-para-mantenerlo-entre-rejas\/","title":{"rendered":"El \u2018G\u00fcero\u2019 Palma otra vez en El Altiplano: la jugada de la fiscal\u00eda para mantenerlo entre rejas"},"content":{"rendered":"\n<p>Tras cinco a\u00f1os de tira y afloja a las puertas de las c\u00e1rceles mexicanas, el narcotraficante\u00a0H\u00e9ctor Luis\u00a0<em>G\u00fcero Palma<\/em>ha abierto un nuevo cap\u00edtulo de su historia en el penal de m\u00e1xima seguridad El Altiplano. El \u00fanico atisbo de libertad del que fuera socio de El Chapo y l\u00edder del Cartel de Sinaloa ha durado solo 69 d\u00edas. Este martes, El G\u00fcero fue devuelto a la c\u00e1rcel en la que viv\u00eda desde 2016, cuando volvi\u00f3 a M\u00e9xico tras cumplir una sentencia rebajada en EE UU. Las autoridades mexicanas llevaban desde entonces buscando una estrategia para mantenerle encerrado. Sin embargo, la absoluci\u00f3n de un juez de Jalisco a una acusaci\u00f3n de homicidio de un suboficial de la Polic\u00eda Federal y su escolta trunc\u00f3 los planes de la Fiscal\u00eda General de la Rep\u00fablica, que ha conseguido al filo del l\u00edmite de tiempo una revocaci\u00f3n al determinar que se hizo un an\u00e1lisis incorrecto del caso y se minimiz\u00f3 el valor de las pruebas, as\u00ed como varios motivos formales. La batalla legal entre el capo de narcotraficantes y el Gobierno acumula 26 ag\u00f3nicos a\u00f1os de pleitos rebatidos en los tribunales.<\/p>\n\n\n\n<p>Desde que El G\u00fcero puso un pie en territorio mexicano, la Justicia le estaba esperando. Ese 15 de junio de 2016, uno de los l\u00edderes del grupo de criminal m\u00e1s violento cruzaba el R\u00edo Bravo para enfrentarse a la estela de violencia que sembr\u00f3 en los a\u00f1os noventa. El Gobierno, ante el temor de que volviese a dinamitar M\u00e9xico,\u00a0lo envi\u00f3 preventivamente a la c\u00e1rcel de m\u00e1xima seguridad de El Altiplano, bajo una acusaci\u00f3n de dos asesinatos cometidos en 1995 en el Estado de Nayarit. Las v\u00edctimas son un subcomandante de la Polic\u00eda Federal y su acompa\u00f1ante, que tras militar a sus \u00f3rdenes se pasaron al c\u00e1rtel de Tijuana. Sus cuerpos fueron hallados en el interior de su camioneta Chevrolet blanca y les hab\u00edan pulverizado la cara con m\u00e1s de 20 balazos.<\/p>\n\n\n\n<p>Esos dos cad\u00e1veres son la punta del iceberg que las autoridades han encontrado entre un reinado de terror que hered\u00f3 El G\u00fcero Palma junto a su socio Joaqu\u00edn\u00a0<em>El Chapo<\/em>\u00a0Guzm\u00e1n. Ambos tomaron el relevo en 1989 \u2014cuando el entonces m\u00e1ximo capo mexicano,\u00a0Miguel \u00c1ngel F\u00e9lix Gallardo, fue recluido en una prisi\u00f3n\u2014 del poderoso Cartel de Sinaloa. El Chapo y El G\u00fcero se quedaron con la plaza de Mexicali, una ciudad del norte de M\u00e9xico, pero luego comenzaron una disputa con los Arellano F\u00e9lix por la fronteriza Tijuana, clave para el trasiego de droga a territorio estadounidense. Seis a\u00f1os dorados de tr\u00e1fico despu\u00e9s, el avi\u00f3n en el que viajaba hacia una boda en Toluca se desvi\u00f3 de su ruta y, al quedarse sin combustible, se estrell\u00f3 en Nayarit. Las autoridades militares le detuvieron cuando lleg\u00f3 a Zapopan, en Jalisco.<\/p>\n\n\n\n<p>Desde ese momento, el capo emprendi\u00f3 una batalla legal para refutar las acusaciones de la Procuradur\u00eda General de la Rep\u00fablica (PGR) que dura hasta d\u00eda de hoy. A trav\u00e9s de una serie de amparos, sus abogados lo libraron de unos 20 procesos judiciales y la PGR solo logr\u00f3 condenarlo a siete a\u00f1os de prisi\u00f3n por el delito de posesi\u00f3n de coca\u00edna.<\/p>\n\n\n\n<div class=\"wp-block-image\"><figure class=\"alignright is-resized\"><img loading=\"lazy\" decoding=\"async\" src=\"https:\/\/imagenes.elpais.com\/resizer\/lo1o6dWhXsSVqtywWRN4NDUxv5c=\/414x0\/cloudfront-eu-central-1.images.arcpublishing.com\/prisa\/G2GOICASBVBRBGBQF56GQLYFJE.jpg\" alt=\"Hector 'El Guero' Palman en una imagen despu\u00e9s de su detenci\u00f3n en junio de 1997.\" width=\"329\" height=\"513\"\/><figcaption>Hector &#8216;El Guero&#8217; Palman en una imagen despu\u00e9s de su detenci\u00f3n en junio de 1997.ANONYMOUS \/ AP<\/figcaption><\/figure><\/div>\n\n\n\n<p>Para cuando fue\u00a0extraditado a EE UU en 2007 por delincuencia organizada, ya hab\u00eda saldado sus pendientes con la justicia mexicana. El Gobierno de M\u00e9xico ten\u00eda 16 a\u00f1os, la duraci\u00f3n de la condena estadounidense, para desarrollar una investigaci\u00f3n en su contra que le mantuviera entre rejas a su regreso. La titular de la PGR, Arely Gomez, pidi\u00f3 a las 32 Fiscal\u00edas de los Estados que hurgaran en sus archivos para encontrar alg\u00fan delito que no hubiese prescrito. Sin embargo, El G\u00fcero consigui\u00f3 llegar a un acuerdo para reducir su condena a solo nueve a\u00f1os por buena conducta y se acab\u00f3 el tiempo para armar un caso s\u00f3lido en su contra. Al ser liberado, cruz\u00f3 la frontera por Matamoros y fue detenido inmediatamente bajo el \u00fanico pretexto que encontraron las autoridades: los asesinatos sin resolver de 1995.<\/p>\n\n\n\n<p>Ingres\u00f3 de forma preventiva en ese mismo momento en la c\u00e1rcel de El Altiplano, la misma de la que se fug\u00f3 su socio\u00a0<em>El Chapo\u00a0<\/em>un a\u00f1o atr\u00e1s. Las\u00a0im\u00e1genes filtradas desde la c\u00e1rcel le mostraban envejecido, rapado y con un uniforme que le identificaba como el preso 3950. Cinco a\u00f1os m\u00e1s tarde, consigui\u00f3 que un juzgado del Estado de Jalisco le absolviera de las acusaciones en su contra por las que llevaba detenido desde 2016. La noticia puso a trabajar nuevamente la maquinaria jur\u00eddica de la Fiscal\u00eda, que present\u00f3 un recurso de apelaci\u00f3n en contra de la sentencia que le sacaba de la c\u00e1rcel. Ten\u00edan 40 d\u00edas para que se resolviera la impugnaci\u00f3n de la resoluci\u00f3n que presentaron por irregularidades en la ley que se aplic\u00f3 en el documento, alteraci\u00f3n de hechos o motivos infundados. Finalmente, ese plazo se ampli\u00f3 otros 40 d\u00edas m\u00e1s mientras El G\u00fcero gozaba de semilibertad en el Centro Nacional de Arraigo en la colonia Buenos Aires de la Ciudad de M\u00e9xico.<\/p>\n\n\n\n<p>Al filo de cumplir el plazo de pr\u00f3rroga, la Fiscal\u00eda consigui\u00f3 la revocaci\u00f3n de la sentencia absolutoria. Determinaron que se realiz\u00f3 un an\u00e1lisis incorrecto y superficial del caso, se minimiz\u00f3 el valor de las pruebas y se violaron ciertas formalidades jur\u00eddicas. Gracias a esos tecnicismos, la Polic\u00eda Federal Ministerial reanud\u00f3 la orden de detenci\u00f3n del capo y pudo devolverle a la c\u00e1rcel, donde esperar\u00e1 hasta su juicio o hasta que triunfe su pr\u00f3ximo recurso legal.<\/p>\n\n\n\n<p><strong>Fuente:<\/strong> elpa\u00eds<\/p>\n","protected":false},"excerpt":{"rendered":"<p>Tras cinco a\u00f1os de tira y afloja a las puertas de las c\u00e1rceles mexicanas, el narcotraficante\u00a0H\u00e9ctor Luis\u00a0G\u00fcero Palmaha abierto un nuevo cap\u00edtulo de su historia en el penal de m\u00e1xima seguridad El Altiplano. El \u00fanico atisbo de libertad del que fuera socio de El Chapo y l\u00edder del Cartel de Sinaloa ha durado solo 69 [&hellip;]<\/p>\n","protected":false},"author":2,"featured_media":92739,"comment_status":"open","ping_status":"open","sticky":false,"template":"","format":"standard","meta":{"footnotes":""},"categories":[23],"tags":[],"class_list":["post-92738","post","type-post","status-publish","format-standard","has-post-thumbnail","hentry","category-policiacas"],"_links":{"self":[{"href":"https:\/\/elcuartopoder.com.mx\/nw\/wp-json\/wp\/v2\/posts\/92738","targetHints":{"allow":["GET"]}}],"collection":[{"href":"https:\/\/elcuartopoder.com.mx\/nw\/wp-json\/wp\/v2\/posts"}],"about":[{"href":"https:\/\/elcuartopoder.com.mx\/nw\/wp-json\/wp\/v2\/types\/post"}],"author":[{"embeddable":true,"href":"https:\/\/elcuartopoder.com.mx\/nw\/wp-json\/wp\/v2\/users\/2"}],"replies":[{"embeddable":true,"href":"https:\/\/elcuartopoder.com.mx\/nw\/wp-json\/wp\/v2\/comments?post=92738"}],"version-history":[{"count":1,"href":"https:\/\/elcuartopoder.com.mx\/nw\/wp-json\/wp\/v2\/posts\/92738\/revisions"}],"predecessor-version":[{"id":92740,"href":"https:\/\/elcuartopoder.com.mx\/nw\/wp-json\/wp\/v2\/posts\/92738\/revisions\/92740"}],"wp:featuredmedia":[{"embeddable":true,"href":"https:\/\/elcuartopoder.com.mx\/nw\/wp-json\/wp\/v2\/media\/92739"}],"wp:attachment":[{"href":"https:\/\/elcuartopoder.com.mx\/nw\/wp-json\/wp\/v2\/media?parent=92738"}],"wp:term":[{"taxonomy":"category","embeddable":true,"href":"https:\/\/elcuartopoder.com.mx\/nw\/wp-json\/wp\/v2\/categories?post=92738"},{"taxonomy":"post_tag","embeddable":true,"href":"https:\/\/elcuartopoder.com.mx\/nw\/wp-json\/wp\/v2\/tags?post=92738"}],"curies":[{"name":"wp","href":"https:\/\/api.w.org\/{rel}","templated":true}]}}