{"id":92741,"date":"2021-07-16T10:25:55","date_gmt":"2021-07-16T15:25:55","guid":{"rendered":"http:\/\/elcuartopoder.com.mx\/nw\/?p=92741"},"modified":"2021-07-16T10:25:56","modified_gmt":"2021-07-16T15:25:56","slug":"condenado-a-208-anos-de-prision-el-director-de-obra-del-colegio-rebsamen-desplomado-en-el-terremoto-de-2017","status":"publish","type":"post","link":"https:\/\/elcuartopoder.com.mx\/nw\/varios\/condenado-a-208-anos-de-prision-el-director-de-obra-del-colegio-rebsamen-desplomado-en-el-terremoto-de-2017\/","title":{"rendered":"Condenado a 208 a\u00f1os de prisi\u00f3n el director de obra del colegio R\u00e9bsamen, desplomado en el terremoto de 2017"},"content":{"rendered":"\n<p>Un tribunal ha condenado este mi\u00e9rcoles a 208 a\u00f1os de prisi\u00f3n al director responsable de obra del colegio Enrique R\u00e9bsamen, derrumbado en Ciudad de M\u00e9xico durante el terremoto del 19 de septiembre de 2017. Juan Mario Velarde fue hallado culpable del delito de homicidio doloso de los 19 ni\u00f1os y siete adultos que fallecieron en el colapso de una parte del edificio, ubicado en la alcald\u00eda Tlalpan \u2014al sur de la ciudad\u2014, que hab\u00eda sido\u00a0construido de manera irregular. El hombre fue el encargado de otorgar los documentos para la constancia de seguridad, necesaria para que la escuela privada siguiera operando. La sentencia llega a semanas del cuarto aniversario de la tragedia, y a poco menos de un a\u00f1o de la hist\u00f3rica sentencia contra la directora y due\u00f1a de la instituci\u00f3n. <\/p>\n\n\n\n<p>El terremoto de 2017 dej\u00f3 en la capital mexicana miles de im\u00e1genes de lo que fue\u00a0una de las tragedias m\u00e1s impactantes en la historia reciente del pa\u00eds. Incontables relatos de desolaci\u00f3n surgieron de aquel d\u00eda negro en la ciudad en que murieron m\u00e1s de 220 personas. Por el sismo colapsaron decenas de edificios, pero el caso del derrumbe del colegio R\u00e9bsamen se volvi\u00f3 un s\u00edmbolo del dolor de ese 19 de septiembre. Una mole de concreto se hab\u00eda desplomado atrapando a ni\u00f1os y trabajadores de la escuela que intentaban desalojar el edificio ante un terremoto de 7,1 de magnitud. Familiares de v\u00edctimas se amontonaron frente los escombros durante d\u00edas a la espera impaciente del trabajo de los rescatistas.\u00a0\u201cNo nos vamos a ir hasta que saquen a la \u00faltima persona\u201d, dec\u00edan entonces.<\/p>\n\n\n\n<p>La sospecha de aquellos d\u00edas termin\u00f3 por comprobarse en los tribunales mexicanos tres a\u00f1os despu\u00e9s. La edificaci\u00f3n hab\u00eda sido levantada en medio de irregularidades. La directora del colegio y due\u00f1a de las instalaciones, M\u00f3nica Garc\u00eda Villegas, hab\u00eda construido ilegalmente un piso de m\u00e1s de 230 toneladas en la parte superior. Los cimientos no soportaron el sismo y aquella ma\u00f1ana se vinieron abajo. En lo que fue la primera sentencia en este caso,\u00a0Garc\u00eda Villegas fue condenada en octubre del a\u00f1o pasado\u00a0a 31 a\u00f1os de prisi\u00f3n por el homicidio culposo de las 26 v\u00edctimas fatales.<\/p>\n\n\n\n<p>A la primera condenada se ha sumado este mi\u00e9rcoles Velarde G\u00e1mez, detenido en julio de 2018 en el Estado de Quer\u00e9taro. Al ingeniero se le ha se\u00f1alado de ser quien dio luz verde para que la instituci\u00f3n educativa continuara con sus puertas abiertas tras la construcci\u00f3n irregular. En una audiencia llevada a cabo en los juzgados del Tribunal Superior de Justicia de Ciudad de M\u00e9xico, se le impuso adem\u00e1s una reparaci\u00f3n del da\u00f1o de unos 370.000 pesos (18.600 d\u00f3lares) a cada v\u00edctima mortal del derrumbe. La Fiscal\u00eda hab\u00eda solicitado 270 a\u00f1os de c\u00e1rcel, pero el juez lo ha dejado en 208.<\/p>\n\n\n\n<p>Esta segunda condena no es suficiente para las familias de las v\u00edctimas, que han repetido este mi\u00e9rcoles el reclamo que mantienen desde el primer d\u00eda. Quieren que todos los culpables, materiales y pol\u00edticos, sean sentados ante un tribunal. Y quieren tambi\u00e9n saber qu\u00e9 responsabilidad tuvo el Gobierno local en la tragedia.\u00a0Claudia Sheinbaum, actual jefa de Gobierno de la ciudad, era en 2017 la jefa de la delegaci\u00f3n de Tlalpan. La tragedia del R\u00e9bsamen marc\u00f3 su carrera pol\u00edtica entonces. Aunque no lleg\u00f3 a da\u00f1arla de verdad, las familiares de los fallecidos acusaron opacidad durante todo el proceso.<\/p>\n\n\n\n<p>Patricia Aceves, actual alcaldesa de Tlalpan, del mismo partido que Sheinbaum, acept\u00f3 las responsabilidades que la Alcald\u00eda hab\u00eda tenido en el derrumbe y anunci\u00f3 una indemnizaci\u00f3n millonaria para las familias de las v\u00edctimas. Hasta el momento, ning\u00fan funcionario de la Administraci\u00f3n local ha sido procesado en este caso.<\/p>\n\n\n\n<p><strong>Fuente:<\/strong> elpa\u00eds<\/p>\n","protected":false},"excerpt":{"rendered":"<p>Un tribunal ha condenado este mi\u00e9rcoles a 208 a\u00f1os de prisi\u00f3n al director responsable de obra del colegio Enrique R\u00e9bsamen, derrumbado en Ciudad de M\u00e9xico durante el terremoto del 19 de septiembre de 2017. Juan Mario Velarde fue hallado culpable del delito de homicidio doloso de los 19 ni\u00f1os y siete adultos que fallecieron en [&hellip;]<\/p>\n","protected":false},"author":2,"featured_media":92742,"comment_status":"open","ping_status":"open","sticky":false,"template":"","format":"standard","meta":{"footnotes":""},"categories":[64],"tags":[],"class_list":["post-92741","post","type-post","status-publish","format-standard","has-post-thumbnail","hentry","category-varios"],"_links":{"self":[{"href":"https:\/\/elcuartopoder.com.mx\/nw\/wp-json\/wp\/v2\/posts\/92741","targetHints":{"allow":["GET"]}}],"collection":[{"href":"https:\/\/elcuartopoder.com.mx\/nw\/wp-json\/wp\/v2\/posts"}],"about":[{"href":"https:\/\/elcuartopoder.com.mx\/nw\/wp-json\/wp\/v2\/types\/post"}],"author":[{"embeddable":true,"href":"https:\/\/elcuartopoder.com.mx\/nw\/wp-json\/wp\/v2\/users\/2"}],"replies":[{"embeddable":true,"href":"https:\/\/elcuartopoder.com.mx\/nw\/wp-json\/wp\/v2\/comments?post=92741"}],"version-history":[{"count":1,"href":"https:\/\/elcuartopoder.com.mx\/nw\/wp-json\/wp\/v2\/posts\/92741\/revisions"}],"predecessor-version":[{"id":92743,"href":"https:\/\/elcuartopoder.com.mx\/nw\/wp-json\/wp\/v2\/posts\/92741\/revisions\/92743"}],"wp:featuredmedia":[{"embeddable":true,"href":"https:\/\/elcuartopoder.com.mx\/nw\/wp-json\/wp\/v2\/media\/92742"}],"wp:attachment":[{"href":"https:\/\/elcuartopoder.com.mx\/nw\/wp-json\/wp\/v2\/media?parent=92741"}],"wp:term":[{"taxonomy":"category","embeddable":true,"href":"https:\/\/elcuartopoder.com.mx\/nw\/wp-json\/wp\/v2\/categories?post=92741"},{"taxonomy":"post_tag","embeddable":true,"href":"https:\/\/elcuartopoder.com.mx\/nw\/wp-json\/wp\/v2\/tags?post=92741"}],"curies":[{"name":"wp","href":"https:\/\/api.w.org\/{rel}","templated":true}]}}