{"id":92744,"date":"2021-07-16T10:36:42","date_gmt":"2021-07-16T15:36:42","guid":{"rendered":"http:\/\/elcuartopoder.com.mx\/nw\/?p=92744"},"modified":"2021-07-16T10:36:43","modified_gmt":"2021-07-16T15:36:43","slug":"autobus-aplasta-la-cabeza-de-un-ciclista-en-playa-del-carmen","status":"publish","type":"post","link":"https:\/\/elcuartopoder.com.mx\/nw\/policiacas\/autobus-aplasta-la-cabeza-de-un-ciclista-en-playa-del-carmen\/","title":{"rendered":"Autob\u00fas aplasta la cabeza de un ciclista en Playa del Carmen"},"content":{"rendered":"\n<p><strong>Tr\u00e1gico accidente<\/strong>&nbsp;en Playa del Carmen: Un ciclista que circulaba en la avenida Colosio de la colonia hom\u00f3nima,&nbsp;<strong>falleci\u00f3 luego que un autob\u00fas aplastara su cabeza<\/strong>.<\/p>\n\n\n\n<p>De acuerdo con informaci\u00f3n preliminar, los hechos ocurrieron poco antes de las 18 horas de hoy en el&nbsp;<strong>cruce de la avenida Colosio con Avenida 30<\/strong>, en el municipio de Solidaridad, justo frente a una tienda Oxxo.<\/p>\n\n\n\n<p>De manera preliminar se revel\u00f3 que una de las llantas del autob\u00fas del servicio particular pas\u00f3 por encima de su cabeza, provocando que&nbsp;<strong>tuviera exposici\u00f3n de masa craneoencef\u00e1lica<\/strong>.<\/p>\n\n\n\n<p>Presuntamente, el autob\u00fas responsable del tr\u00e1gico accidente pertenece a la empresa De Valle.<\/p>\n\n\n\n<p>Testigos\u00a0<strong>indicaron que el chofer del autob\u00fas escap\u00f3 de la zona<\/strong>, sin embargo, otros indicaron que al parecer el conductor no se dio cuenta de que atropell\u00f3 al ciclista.<\/p>\n\n\n\n<p>Sin embargo,\u00a0<strong>autoridades identificaron al autob\u00fas<\/strong>\u00a0y lo siguieron para que el conductor se responsabilice por el accidente.<\/p>\n\n\n\n<p><strong>Fuente:<\/strong> SIPSE<\/p>\n","protected":false},"excerpt":{"rendered":"<p>Tr\u00e1gico accidente&nbsp;en Playa del Carmen: Un ciclista que circulaba en la avenida Colosio de la colonia hom\u00f3nima,&nbsp;falleci\u00f3 luego que un autob\u00fas aplastara su cabeza. De acuerdo con informaci\u00f3n preliminar, los hechos ocurrieron poco antes de las 18 horas de hoy en el&nbsp;cruce de la avenida Colosio con Avenida 30, en el municipio de Solidaridad, justo [&hellip;]<\/p>\n","protected":false},"author":2,"featured_media":92745,"comment_status":"open","ping_status":"open","sticky":false,"template":"","format":"standard","meta":{"footnotes":""},"categories":[23],"tags":[],"class_list":["post-92744","post","type-post","status-publish","format-standard","has-post-thumbnail","hentry","category-policiacas"],"_links":{"self":[{"href":"https:\/\/elcuartopoder.com.mx\/nw\/wp-json\/wp\/v2\/posts\/92744","targetHints":{"allow":["GET"]}}],"collection":[{"href":"https:\/\/elcuartopoder.com.mx\/nw\/wp-json\/wp\/v2\/posts"}],"about":[{"href":"https:\/\/elcuartopoder.com.mx\/nw\/wp-json\/wp\/v2\/types\/post"}],"author":[{"embeddable":true,"href":"https:\/\/elcuartopoder.com.mx\/nw\/wp-json\/wp\/v2\/users\/2"}],"replies":[{"embeddable":true,"href":"https:\/\/elcuartopoder.com.mx\/nw\/wp-json\/wp\/v2\/comments?post=92744"}],"version-history":[{"count":1,"href":"https:\/\/elcuartopoder.com.mx\/nw\/wp-json\/wp\/v2\/posts\/92744\/revisions"}],"predecessor-version":[{"id":92746,"href":"https:\/\/elcuartopoder.com.mx\/nw\/wp-json\/wp\/v2\/posts\/92744\/revisions\/92746"}],"wp:featuredmedia":[{"embeddable":true,"href":"https:\/\/elcuartopoder.com.mx\/nw\/wp-json\/wp\/v2\/media\/92745"}],"wp:attachment":[{"href":"https:\/\/elcuartopoder.com.mx\/nw\/wp-json\/wp\/v2\/media?parent=92744"}],"wp:term":[{"taxonomy":"category","embeddable":true,"href":"https:\/\/elcuartopoder.com.mx\/nw\/wp-json\/wp\/v2\/categories?post=92744"},{"taxonomy":"post_tag","embeddable":true,"href":"https:\/\/elcuartopoder.com.mx\/nw\/wp-json\/wp\/v2\/tags?post=92744"}],"curies":[{"name":"wp","href":"https:\/\/api.w.org\/{rel}","templated":true}]}}