{"id":92751,"date":"2021-07-16T10:45:30","date_gmt":"2021-07-16T15:45:30","guid":{"rendered":"http:\/\/elcuartopoder.com.mx\/nw\/?p=92751"},"modified":"2021-07-16T10:45:32","modified_gmt":"2021-07-16T15:45:32","slug":"ofrecen-recompensa-de-500-mil-por-el-senoron-lider-criminal-en-morelos","status":"publish","type":"post","link":"https:\/\/elcuartopoder.com.mx\/nw\/varios\/ofrecen-recompensa-de-500-mil-por-el-senoron-lider-criminal-en-morelos\/","title":{"rendered":"Ofrecen Recompensa de $500 Mil por \u201cEl Se\u00f1or\u00f3n\u201d, L\u00edder Criminal en Morelos"},"content":{"rendered":"\n<p><strong>Francisco Javier Rodr\u00edguez Hern\u00e1ndez es acusado de homicidio y asociaci\u00f3n delictuosa&nbsp;<\/strong><strong>\u25ba<\/strong><strong>&nbsp;En abril pasado reparti<\/strong><strong>\u00f3<\/strong><strong>&nbsp;despensas en Cuernavaca<\/strong><\/p>\n\n\n\n<p>CIUDAD DE M\u00c9XICO.- Autoridades del estado de Morelos ofrecieron una recompensa de hasta 500 mil pesos a quien o quienes aporten informaci\u00f3n ver\u00eddica que permita la captura de Francisco Javier Rodr\u00edguez Hern\u00e1ndez, \u2018El Se\u00f1or\u00f3n\u2019, acusado de los presuntos delitos de homicidio y asociaci\u00f3n delictuosa.<\/p>\n\n\n\n<p>Dicha persona, quien tambi\u00e9n usa los apodos de \u2018El \u201cFrank\u2019, \u2018Colombiano\u2019 y&nbsp; \u2018XL\u2019, es la cabeza visible de un grupo criminal que en abril \u00faltimo reparti\u00f3 despensas en la ciudad de Cuernavaca.<\/p>\n\n\n\n<p>Medios locales dieron cuenta de c\u00f3mo sujetos vestidos de negro y encapuchados, que viajaban en camionetas, repartieron las despensas en por lo menos dos puntos de la capital morelense: los ejidos de Acapatzingo, cerca de la Autopista M\u00e9xico-Acapulco, y en el Centro de Cuernavaca.<\/p>\n\n\n\n<figure class=\"wp-block-image\"><img decoding=\"async\" src=\"https:\/\/cambio22info.s3-accelerate.amazonaws.com\/wp-content\/uploads\/NA-SENOR2.jpg\" alt=\"\" class=\"wp-image-119664\"\/><\/figure>\n\n\n\n<p>El reparto de las despensas ocurri\u00f3 a plena luz del d\u00eda sin que las autoridades intervinieran.<\/p>\n\n\n\n<p>Los hechos fueron registrados en fotograf\u00edas que circularon por las redes sociales, donde se puede ver incluso a las personas en las colonias hacer fila para recibir las despensas.<\/p>\n\n\n\n<p>Los v\u00edveres fueron entregados en bolsas de pl\u00e1stico transparentes en las que resaltaba una etiqueta negra con la silueta de un hombre con traje que se acomoda la corbata.<\/p>\n\n\n\n<p>Junto a la imagen aparece la leyenda \u201cEl Se\u00f1or\u00f3n\u201d, apodo que ha sido escrito en narcomantas colocadas en d\u00edas pasados en la v\u00eda p\u00fablica.<\/p>\n\n\n\n<p>En las fotos aparecen hombres, mujeres y hasta ni\u00f1os recibiendo de los encapuchados las bolsas con aceite, sopa de pasta, galletas, arroz y papel higi\u00e9nico.<\/p>\n\n\n\n<p>Tambi\u00e9n en las im\u00e1genes aparecen dos hombres con vestimenta oscura, tipo policial, con rifles de asalto y despensas apiladas en una habitaci\u00f3n.<\/p>\n\n\n\n<p><strong>Fuente: <\/strong>cambio22<\/p>\n","protected":false},"excerpt":{"rendered":"<p>Francisco Javier Rodr\u00edguez Hern\u00e1ndez es acusado de homicidio y asociaci\u00f3n delictuosa&nbsp;\u25ba&nbsp;En abril pasado reparti\u00f3&nbsp;despensas en Cuernavaca CIUDAD DE M\u00c9XICO.- Autoridades del estado de Morelos ofrecieron una recompensa de hasta 500 mil pesos a quien o quienes aporten informaci\u00f3n ver\u00eddica que permita la captura de Francisco Javier Rodr\u00edguez Hern\u00e1ndez, \u2018El Se\u00f1or\u00f3n\u2019, acusado de los presuntos delitos [&hellip;]<\/p>\n","protected":false},"author":2,"featured_media":92752,"comment_status":"open","ping_status":"open","sticky":false,"template":"","format":"standard","meta":{"footnotes":""},"categories":[64],"tags":[],"class_list":["post-92751","post","type-post","status-publish","format-standard","has-post-thumbnail","hentry","category-varios"],"_links":{"self":[{"href":"https:\/\/elcuartopoder.com.mx\/nw\/wp-json\/wp\/v2\/posts\/92751","targetHints":{"allow":["GET"]}}],"collection":[{"href":"https:\/\/elcuartopoder.com.mx\/nw\/wp-json\/wp\/v2\/posts"}],"about":[{"href":"https:\/\/elcuartopoder.com.mx\/nw\/wp-json\/wp\/v2\/types\/post"}],"author":[{"embeddable":true,"href":"https:\/\/elcuartopoder.com.mx\/nw\/wp-json\/wp\/v2\/users\/2"}],"replies":[{"embeddable":true,"href":"https:\/\/elcuartopoder.com.mx\/nw\/wp-json\/wp\/v2\/comments?post=92751"}],"version-history":[{"count":1,"href":"https:\/\/elcuartopoder.com.mx\/nw\/wp-json\/wp\/v2\/posts\/92751\/revisions"}],"predecessor-version":[{"id":92753,"href":"https:\/\/elcuartopoder.com.mx\/nw\/wp-json\/wp\/v2\/posts\/92751\/revisions\/92753"}],"wp:featuredmedia":[{"embeddable":true,"href":"https:\/\/elcuartopoder.com.mx\/nw\/wp-json\/wp\/v2\/media\/92752"}],"wp:attachment":[{"href":"https:\/\/elcuartopoder.com.mx\/nw\/wp-json\/wp\/v2\/media?parent=92751"}],"wp:term":[{"taxonomy":"category","embeddable":true,"href":"https:\/\/elcuartopoder.com.mx\/nw\/wp-json\/wp\/v2\/categories?post=92751"},{"taxonomy":"post_tag","embeddable":true,"href":"https:\/\/elcuartopoder.com.mx\/nw\/wp-json\/wp\/v2\/tags?post=92751"}],"curies":[{"name":"wp","href":"https:\/\/api.w.org\/{rel}","templated":true}]}}