{"id":95110,"date":"2021-09-27T10:17:46","date_gmt":"2021-09-27T15:17:46","guid":{"rendered":"http:\/\/elcuartopoder.com.mx\/nw\/?p=95110"},"modified":"2021-09-27T10:17:47","modified_gmt":"2021-09-27T15:17:47","slug":"asesinan-a-elemento-de-la-guardia-nacional-cuando-prestaba-servicio-de-escolta-privado","status":"publish","type":"post","link":"https:\/\/elcuartopoder.com.mx\/nw\/policiacas\/asesinan-a-elemento-de-la-guardia-nacional-cuando-prestaba-servicio-de-escolta-privado\/","title":{"rendered":"Asesinan a elemento de la Guardia Nacional cuando prestaba servicio de escolta privado"},"content":{"rendered":"\n<p><strong>CIUDAD DE M\u00c9XICO, MX.-<\/strong>\u00a0Un elemento de la Guardia Nacional fue asesinado tras evitar el robo de una camioneta que transportaba implantes est\u00e9ticos, en los l\u00edmites de las alcald\u00edas Gustavo A. Madero y Venustiano Carranza la Ciudad de M\u00e9xico, public\u00f3\u00a0<strong>sinembargo.mx<\/strong>.<\/p>\n\n\n\n<p>Dicho elemento escoltaba una camioneta que acababa de la salir de la zona de Aduanas del Aeropuerto Internacional de la Ciudad de M\u00e9xico (AICM) cuando un grupo de sujetos armados interceptaron la unidad para robarla.<\/p>\n\n\n\n<p>Entonces, el elemento de la GN se dispuso a frustrar el robo, pero los asaltantes, a bordo de tres autos, iniciaron un intercambio de disparos en el que el guardia muri\u00f3 y otro hombre, que conduc\u00eda el auto escolta, result\u00f3 herido.<\/p>\n\n\n\n<figure class=\"wp-block-image\"><img decoding=\"async\" src=\"https:\/\/noticaribe.com.mx\/wp\/wp-content\/uploads\/2021\/09\/3-18.jpeg\" alt=\"\" class=\"wp-image-504739\"\/><figcaption>Auto en que viajaba el miembro de la GN que fue asesinado.<\/figcaption><\/figure>\n\n\n\n<p>La camioneta con el cargamento de implantes est\u00e9ticos registr\u00f3 varios impactos de bala, pero no lograron robarla. En el lugar se encontraron m\u00e1s de 20 impactos, de acuerdo a informaci\u00f3n del reportero Carlos Jim\u00e9nez.<\/p>\n\n\n\n<p>Trascendi\u00f3 que la v\u00edctima era miembro activo de la Guardia Nacional por lo que vest\u00eda el uniforme oficial, pero el servicio que realizaba en ese momento no era institucional, pues lo desempe\u00f1aba de forma particular y el arma que portaba no era de cargo.\u00a0<\/p>\n\n\n\n<p><strong>Fuente: <\/strong>Noticaribe<\/p>\n","protected":false},"excerpt":{"rendered":"<p>CIUDAD DE M\u00c9XICO, MX.-\u00a0Un elemento de la Guardia Nacional fue asesinado tras evitar el robo de una camioneta que transportaba implantes est\u00e9ticos, en los l\u00edmites de las alcald\u00edas Gustavo A. Madero y Venustiano Carranza la Ciudad de M\u00e9xico, public\u00f3\u00a0sinembargo.mx. Dicho elemento escoltaba una camioneta que acababa de la salir de la zona de Aduanas del [&hellip;]<\/p>\n","protected":false},"author":2,"featured_media":95111,"comment_status":"open","ping_status":"open","sticky":false,"template":"","format":"standard","meta":{"footnotes":""},"categories":[23],"tags":[],"class_list":["post-95110","post","type-post","status-publish","format-standard","has-post-thumbnail","hentry","category-policiacas"],"_links":{"self":[{"href":"https:\/\/elcuartopoder.com.mx\/nw\/wp-json\/wp\/v2\/posts\/95110","targetHints":{"allow":["GET"]}}],"collection":[{"href":"https:\/\/elcuartopoder.com.mx\/nw\/wp-json\/wp\/v2\/posts"}],"about":[{"href":"https:\/\/elcuartopoder.com.mx\/nw\/wp-json\/wp\/v2\/types\/post"}],"author":[{"embeddable":true,"href":"https:\/\/elcuartopoder.com.mx\/nw\/wp-json\/wp\/v2\/users\/2"}],"replies":[{"embeddable":true,"href":"https:\/\/elcuartopoder.com.mx\/nw\/wp-json\/wp\/v2\/comments?post=95110"}],"version-history":[{"count":1,"href":"https:\/\/elcuartopoder.com.mx\/nw\/wp-json\/wp\/v2\/posts\/95110\/revisions"}],"predecessor-version":[{"id":95112,"href":"https:\/\/elcuartopoder.com.mx\/nw\/wp-json\/wp\/v2\/posts\/95110\/revisions\/95112"}],"wp:featuredmedia":[{"embeddable":true,"href":"https:\/\/elcuartopoder.com.mx\/nw\/wp-json\/wp\/v2\/media\/95111"}],"wp:attachment":[{"href":"https:\/\/elcuartopoder.com.mx\/nw\/wp-json\/wp\/v2\/media?parent=95110"}],"wp:term":[{"taxonomy":"category","embeddable":true,"href":"https:\/\/elcuartopoder.com.mx\/nw\/wp-json\/wp\/v2\/categories?post=95110"},{"taxonomy":"post_tag","embeddable":true,"href":"https:\/\/elcuartopoder.com.mx\/nw\/wp-json\/wp\/v2\/tags?post=95110"}],"curies":[{"name":"wp","href":"https:\/\/api.w.org\/{rel}","templated":true}]}}