{"id":95123,"date":"2021-09-27T19:37:24","date_gmt":"2021-09-28T00:37:24","guid":{"rendered":"http:\/\/elcuartopoder.com.mx\/nw\/?p=95123"},"modified":"2021-09-27T19:37:26","modified_gmt":"2021-09-28T00:37:26","slug":"peligra-conservacion-del-cangrejo-azul-en-cancun","status":"publish","type":"post","link":"https:\/\/elcuartopoder.com.mx\/nw\/municipales\/peligra-conservacion-del-cangrejo-azul-en-cancun\/","title":{"rendered":"Peligra conservaci\u00f3n del cangrejo azul en Canc\u00fan"},"content":{"rendered":"\n<p>El cangrejo azul, una especie nativa de la costa occidental del oc\u00e9ano Atl\u00e1ntico, se encuentra en riesgo debido al desarrollo urbano que ha tenido Canc\u00fan en los \u00faltimos 30 a\u00f1os, se\u00f1al\u00f3 Mar\u00eda Guadalupe Alc\u00e1ntara M\u00e1s, directora de Ecolog\u00eda del municipio de Benito Ju\u00e1rez.<\/p>\n\n\n\n<p>En entrevista para Marcrix Noticias, la funcionaria coment\u00f3 que el desove de esta especie, el cual se da de septiembre a octubre, ha disminuido en los \u00faltimos tres a\u00f1os en zonas como el bulevar Kukulcan, mientras que en otras como Puerto Ju\u00e1rez pr\u00e1cticamente ha desaparecido.<\/p>\n\n\n\n<p>\u201cDesde hace muchos a\u00f1os impactamos en ese ecosistema y esta separaci\u00f3n del manglar y el mar ha acarreado que sean atropellados durante muchos a\u00f1os. El exceso de velocidad no permite tambi\u00e9n que se haga la recolecta del esp\u00e9cimen vivo\u201d, coment\u00f3.<\/p>\n\n\n\n<p>Explic\u00f3 que entre las principales causas est\u00e1n el desarrollo urbano que ha separado el mangle de la costa, la devastaci\u00f3n de su h\u00e1bitat y la contaminaci\u00f3n. Todas ellas han hecho que las hembras de cangrejo dejen de realizar este proceso de la naturaleza, se muden a otras \u00e1reas o ha llevado a su extinci\u00f3n.<\/p>\n\n\n\n<p>\u201cDespu\u00e9s de tantos a\u00f1os de hacer este trabajo hemos encontrado una disminuci\u00f3n en las especies. Sin embargo, todav\u00eda siguen cruzando, todav\u00eda encontramos hembras que siguen haciendo este maravilloso esfuerzo\u201d, a\u00f1adi\u00f3 la funcionaria.<\/p>\n\n\n\n<p>Seg\u00fan dijo, en 2019 s\u00f3lo lograron ayudar a 1.300 hembras, mientras que en 2020 la recaudaci\u00f3n fue de 1.500, cifras que esperan mantener este a\u00f1o, pero el panorama es bastante complejo pues en los primeros d\u00edas de la primera etapa de desove que fue hace unos d\u00edas, apenas si pudieron salvar a 80 ejemplares.<\/p>\n\n\n\n<p>Las zonas donde realizan los trabajos son el bulevar Kukulcan, la costa de Puerto Ju\u00e1rez y ahora en Punta Nizuc, donde han detectado desove desde hace un par de a\u00f1os pues en esa zona normalmente no suced\u00eda este tipo procesos.<\/p>\n\n\n\n<p><strong>Fuente: <\/strong>marcrixnoticias<\/p>\n","protected":false},"excerpt":{"rendered":"<p>El cangrejo azul, una especie nativa de la costa occidental del oc\u00e9ano Atl\u00e1ntico, se encuentra en riesgo debido al desarrollo urbano que ha tenido Canc\u00fan en los \u00faltimos 30 a\u00f1os, se\u00f1al\u00f3 Mar\u00eda Guadalupe Alc\u00e1ntara M\u00e1s, directora de Ecolog\u00eda del municipio de Benito Ju\u00e1rez. En entrevista para Marcrix Noticias, la funcionaria coment\u00f3 que el desove de [&hellip;]<\/p>\n","protected":false},"author":2,"featured_media":95124,"comment_status":"open","ping_status":"open","sticky":false,"template":"","format":"standard","meta":{"footnotes":""},"categories":[6],"tags":[],"class_list":["post-95123","post","type-post","status-publish","format-standard","has-post-thumbnail","hentry","category-municipales"],"_links":{"self":[{"href":"https:\/\/elcuartopoder.com.mx\/nw\/wp-json\/wp\/v2\/posts\/95123","targetHints":{"allow":["GET"]}}],"collection":[{"href":"https:\/\/elcuartopoder.com.mx\/nw\/wp-json\/wp\/v2\/posts"}],"about":[{"href":"https:\/\/elcuartopoder.com.mx\/nw\/wp-json\/wp\/v2\/types\/post"}],"author":[{"embeddable":true,"href":"https:\/\/elcuartopoder.com.mx\/nw\/wp-json\/wp\/v2\/users\/2"}],"replies":[{"embeddable":true,"href":"https:\/\/elcuartopoder.com.mx\/nw\/wp-json\/wp\/v2\/comments?post=95123"}],"version-history":[{"count":1,"href":"https:\/\/elcuartopoder.com.mx\/nw\/wp-json\/wp\/v2\/posts\/95123\/revisions"}],"predecessor-version":[{"id":95125,"href":"https:\/\/elcuartopoder.com.mx\/nw\/wp-json\/wp\/v2\/posts\/95123\/revisions\/95125"}],"wp:featuredmedia":[{"embeddable":true,"href":"https:\/\/elcuartopoder.com.mx\/nw\/wp-json\/wp\/v2\/media\/95124"}],"wp:attachment":[{"href":"https:\/\/elcuartopoder.com.mx\/nw\/wp-json\/wp\/v2\/media?parent=95123"}],"wp:term":[{"taxonomy":"category","embeddable":true,"href":"https:\/\/elcuartopoder.com.mx\/nw\/wp-json\/wp\/v2\/categories?post=95123"},{"taxonomy":"post_tag","embeddable":true,"href":"https:\/\/elcuartopoder.com.mx\/nw\/wp-json\/wp\/v2\/tags?post=95123"}],"curies":[{"name":"wp","href":"https:\/\/api.w.org\/{rel}","templated":true}]}}