{"id":95132,"date":"2021-09-27T19:47:41","date_gmt":"2021-09-28T00:47:41","guid":{"rendered":"http:\/\/elcuartopoder.com.mx\/nw\/?p=95132"},"modified":"2021-09-27T19:47:43","modified_gmt":"2021-09-28T00:47:43","slug":"covid-cambia-modus-operandi-del-delito-de-trata-de-personas","status":"publish","type":"post","link":"https:\/\/elcuartopoder.com.mx\/nw\/destacadas\/covid-cambia-modus-operandi-del-delito-de-trata-de-personas\/","title":{"rendered":"COVID cambia modus operandi del delito de trata de personas"},"content":{"rendered":"\n<p>Durante el primer semestre de 2021, las cifras oficiales reportan que el estado de Quintana Roo registr\u00f3 una disminuci\u00f3n en el n\u00famero de denuncias por el&nbsp;<strong>delito de trata de personas<\/strong>, al pasar de 23 a 13 carpetas de investigaci\u00f3n abiertas.<\/p>\n\n\n\n<p>De acuerdo con datos de la Fiscal\u00eda General del Estado y del Observatorio de Seguridad y G\u00e9nero de Quintana Roo, la entidad&nbsp;<strong>pas\u00f3 del primer lugar<\/strong>&nbsp;en incidencia durante 2020,&nbsp;<strong>al tercero en este a\u00f1o<\/strong>.<\/p>\n\n\n\n<p>Sin embargo, organismos internacionales apuntan que esto no implica que haya descendido la problem\u00e1tica, ya que debido a la pandemia de Covid-19, los grupos delictivos que se dedican a la explotaci\u00f3n&nbsp;<strong>buscaron alternativas para continuar con sus actividades il\u00edcitas<\/strong>&nbsp;ante el cierre de establecimientos como hoteles, bares, restaurantes y casas de masaje; optando por llevar a sus v\u00edctimas a domicilios privados.<\/p>\n\n\n\n<p>Incluso, en su \u00faltimo reporte, el Departamento de Estado de los Estados Unidos indica que la Unidad de Inteligencia Financiera (UIF) recibi\u00f3 en 2020 un total de 230 denuncias de transacciones&nbsp;<strong>financieras relacionadas a este delito en Jalisco, Tabasco y Quintana Roo<\/strong>.<\/p>\n\n\n\n<p>Adem\u00e1s, la Oficina de las Naciones Unidas contra la Droga y el Delito (Unodc), emiti\u00f3 una alerta sobre el&nbsp;<strong>posible aumento de trata de personas en los siguientes meses<\/strong>, debido a la crisis econ\u00f3mica que ha dejado la pandemia y de la que son m\u00e1s vulnerables mujeres, ni\u00f1os, adolescentes y migrantes.<\/p>\n\n\n\n<blockquote class=\"wp-block-quote is-layout-flow wp-block-quote-is-layout-flow\"><p>\u201cBajo estas condiciones, existe un peligro inminente de que la investigaci\u00f3n de trata de personas pase a tener menor prioridad y se reduzcan las inspecciones preventivas de sitios y casos sospechosos. Lo anterior puede influir en los arrestos, las investigaciones, los enjuiciamientos y las condenas, lo que da lugar a un clima de impunidad\u201d.<\/p><\/blockquote>\n\n\n\n<p>El Departamento de Estado se\u00f1al\u00f3 que la mayor\u00eda de las v\u00edctimas son mujeres y ni\u00f1os mexicanos, a quienes se acercan a trav\u00e9s de falsas promesas de empleo, relaciones sentimentales enga\u00f1osas o extorsi\u00f3n.<\/p>\n\n\n\n<p>Una vez que se encuentran dentro de la red de explotaci\u00f3n, estos son&nbsp;<strong>obligados a realizar trabajos forzados en el campo<\/strong>&nbsp;o en alguna industria, pero tambi\u00e9n los orillan a mendigar, a otorgar servicios sexuales y participar de actos il\u00edcitos.<\/p>\n\n\n\n<p>El pasado 22 de septiembre se conmemor\u00f3 el \u201cD\u00eda Internacional contra la Explotaci\u00f3n y Tr\u00e1fico de Mujeres\u201d.<\/p>\n\n\n\n<p><strong>Fuente:<\/strong> SIPSE<\/p>\n","protected":false},"excerpt":{"rendered":"<p>Durante el primer semestre de 2021, las cifras oficiales reportan que el estado de Quintana Roo registr\u00f3 una disminuci\u00f3n en el n\u00famero de denuncias por el&nbsp;delito de trata de personas, al pasar de 23 a 13 carpetas de investigaci\u00f3n abiertas. De acuerdo con datos de la Fiscal\u00eda General del Estado y del Observatorio de Seguridad [&hellip;]<\/p>\n","protected":false},"author":2,"featured_media":95133,"comment_status":"open","ping_status":"open","sticky":false,"template":"","format":"standard","meta":{"footnotes":""},"categories":[59],"tags":[],"class_list":["post-95132","post","type-post","status-publish","format-standard","has-post-thumbnail","hentry","category-destacadas"],"_links":{"self":[{"href":"https:\/\/elcuartopoder.com.mx\/nw\/wp-json\/wp\/v2\/posts\/95132","targetHints":{"allow":["GET"]}}],"collection":[{"href":"https:\/\/elcuartopoder.com.mx\/nw\/wp-json\/wp\/v2\/posts"}],"about":[{"href":"https:\/\/elcuartopoder.com.mx\/nw\/wp-json\/wp\/v2\/types\/post"}],"author":[{"embeddable":true,"href":"https:\/\/elcuartopoder.com.mx\/nw\/wp-json\/wp\/v2\/users\/2"}],"replies":[{"embeddable":true,"href":"https:\/\/elcuartopoder.com.mx\/nw\/wp-json\/wp\/v2\/comments?post=95132"}],"version-history":[{"count":1,"href":"https:\/\/elcuartopoder.com.mx\/nw\/wp-json\/wp\/v2\/posts\/95132\/revisions"}],"predecessor-version":[{"id":95134,"href":"https:\/\/elcuartopoder.com.mx\/nw\/wp-json\/wp\/v2\/posts\/95132\/revisions\/95134"}],"wp:featuredmedia":[{"embeddable":true,"href":"https:\/\/elcuartopoder.com.mx\/nw\/wp-json\/wp\/v2\/media\/95133"}],"wp:attachment":[{"href":"https:\/\/elcuartopoder.com.mx\/nw\/wp-json\/wp\/v2\/media?parent=95132"}],"wp:term":[{"taxonomy":"category","embeddable":true,"href":"https:\/\/elcuartopoder.com.mx\/nw\/wp-json\/wp\/v2\/categories?post=95132"},{"taxonomy":"post_tag","embeddable":true,"href":"https:\/\/elcuartopoder.com.mx\/nw\/wp-json\/wp\/v2\/tags?post=95132"}],"curies":[{"name":"wp","href":"https:\/\/api.w.org\/{rel}","templated":true}]}}