{"id":95144,"date":"2021-09-27T20:11:34","date_gmt":"2021-09-28T01:11:34","guid":{"rendered":"http:\/\/elcuartopoder.com.mx\/nw\/?p=95144"},"modified":"2021-09-27T20:11:36","modified_gmt":"2021-09-28T01:11:36","slug":"el-primer-ministro-de-haiti-asegura-que-la-emigracion-continuara-mientras-haya-grandes-desigualdades","status":"publish","type":"post","link":"https:\/\/elcuartopoder.com.mx\/nw\/internacionales\/el-primer-ministro-de-haiti-asegura-que-la-emigracion-continuara-mientras-haya-grandes-desigualdades\/","title":{"rendered":"El primer ministro de Hait\u00ed asegura que la \u00abemigraci\u00f3n continuar\u00e1\u00bb mientras haya grandes desigualdades"},"content":{"rendered":"\n<p>La crisis humanitaria y pol\u00edtica producida por la emigraci\u00f3n masiva de ciudadanos de Hait\u00ed a EE.UU. sigue abierta, a pesar de que el campamento de haitianos que se hacinaban bajo un puente en Del R\u00edo (Texas), en la frontera con M\u00e9xico, ha sido vaciado. En opini\u00f3n del primer ministro de Hait\u00ed, la situaci\u00f3n no ser\u00e1 una crisis temporal. \u00abNuestra intenci\u00f3n no es oponernos al derecho de un estado soberano a controlar los puntos de entrada en su territorio o de devolver a su pa\u00eds de origen a aquellos que entraron de forma ilegal\u00bb, dijo<strong>&nbsp;Ariel Henry ayer en su intervenci\u00f3n ante la ONU&nbsp;<\/strong>con motivo de su Asamblea General. \u00abPero los seres humanos, padres y madres que tienen ni\u00f1os, siempre van a escapar de la pobreza y el conflicto\u00bb, a\u00f1adi\u00f3 en un mensaje grabado en v\u00eddeo. \u00abLa emigraci\u00f3n continuar\u00e1 siempre que en el planeta haya regiones ricas, mientras que la mayor\u00eda de la poblaci\u00f3n mundial vive en la pobreza, incluso la pobreza extrema, sin perspectivas de una vida mejor\u00bb. Ariel hablaba desde un pa\u00eds sacudido por turbulencias pol\u00edticas \u2013el presidente, J\u00f3venes Mo\u00efse, fue asesinado en julio\u2013 y por un potente terremoto en agosto.<\/p>\n\n\n\n<p>El campamento fue desmantelado el viernes, despu\u00e9s de que la presencia de cerca de 15.000 haitianos que buscaban entrar en EE.UU. y que\u00a0fueron repelidos en ocasiones con pr\u00e1cticas agresivas,\u00a0que supusieron una crisis pol\u00edtica y medi\u00e1tica para el Gobierno de Biden.<\/p>\n\n\n\n<p>Su&nbsp;<strong>secretario de Seguridad Interior, Alejandro Mayorkas,<\/strong>&nbsp;detall\u00f3 esta semana que cerca de 30.000 haitianos hab\u00eda llegado a esa zona fronteriza desde el 9 de septiembre. De ellos, a 12.400 se les permiti\u00f3 entrara para solicitar asilo u otro tipo de protecci\u00f3n humanitaria. Ese proceso normalmente implica que se les deja libres hasta que sean citados por las autoridades migratorias para tramitar su solicitud. Otros dos mil haitianos fueron repatriados por EE.UU. en m\u00e1s de veinte vuelos a Hait\u00ed, en una decisi\u00f3n que provoc\u00f3 cr\u00edticas en algunos sectores del partido dem\u00f3crata.&nbsp;<strong>El propio enviado especial de EE.UU. a Hait\u00ed, Daniel Foote, dimiti\u00f3&nbsp;<\/strong>de su cargo por esa repatriaci\u00f3n masiva, que calific\u00f3 de \u00abinhumana y contraproducente\u00bb.<\/p>\n\n\n\n<p>Cerca de otros ocho mil haitianos, seg\u00fan Mayorkas,\u00a0\u00abdecidieron regresar a M\u00e9xico de forma voluntaria\u00bb. Algunos se dirigieron a otras zonas del pa\u00eds, muchos de ellos hacia el Norte con la intenci\u00f3n de cruzar la frontera con EE.UU. desde otro punto. Las autoridades mexicanas han intentado convencerles de que viajen hacia el Sur, hacia otros puntos del pa\u00eds.<\/p>\n\n\n\n<p>Para los republicanos, el haber permitido la entrada de m\u00e1s de doce mil haitianos supondr\u00e1 un efecto llamada para que nuevos contingentes de inmigrantes llamen a la frontera del pa\u00eds. La Administraci\u00f3n Biden extendi\u00f3 el pasado mayo&nbsp;<strong>la suspensi\u00f3n de las deportaciones de haitianos en EE.UU.<\/strong>&nbsp;por las condiciones humanitarias y pol\u00edticas del pa\u00eds caribe\u00f1o.<\/p>\n\n\n\n<p>Ayer, el puesto fronterizo de Del R\u00edo volvi\u00f3 a operar despu\u00e9s de que estuvieran cerrado desde el 17 de septiembre por la llegada masiva de haitianos.<\/p>\n\n\n\n<p><strong>Fuente:<\/strong> ABC<\/p>\n","protected":false},"excerpt":{"rendered":"<p>La crisis humanitaria y pol\u00edtica producida por la emigraci\u00f3n masiva de ciudadanos de Hait\u00ed a EE.UU. sigue abierta, a pesar de que el campamento de haitianos que se hacinaban bajo un puente en Del R\u00edo (Texas), en la frontera con M\u00e9xico, ha sido vaciado. En opini\u00f3n del primer ministro de Hait\u00ed, la situaci\u00f3n no ser\u00e1 [&hellip;]<\/p>\n","protected":false},"author":2,"featured_media":95145,"comment_status":"open","ping_status":"open","sticky":false,"template":"","format":"standard","meta":{"footnotes":""},"categories":[8],"tags":[],"class_list":["post-95144","post","type-post","status-publish","format-standard","has-post-thumbnail","hentry","category-internacionales"],"_links":{"self":[{"href":"https:\/\/elcuartopoder.com.mx\/nw\/wp-json\/wp\/v2\/posts\/95144","targetHints":{"allow":["GET"]}}],"collection":[{"href":"https:\/\/elcuartopoder.com.mx\/nw\/wp-json\/wp\/v2\/posts"}],"about":[{"href":"https:\/\/elcuartopoder.com.mx\/nw\/wp-json\/wp\/v2\/types\/post"}],"author":[{"embeddable":true,"href":"https:\/\/elcuartopoder.com.mx\/nw\/wp-json\/wp\/v2\/users\/2"}],"replies":[{"embeddable":true,"href":"https:\/\/elcuartopoder.com.mx\/nw\/wp-json\/wp\/v2\/comments?post=95144"}],"version-history":[{"count":1,"href":"https:\/\/elcuartopoder.com.mx\/nw\/wp-json\/wp\/v2\/posts\/95144\/revisions"}],"predecessor-version":[{"id":95146,"href":"https:\/\/elcuartopoder.com.mx\/nw\/wp-json\/wp\/v2\/posts\/95144\/revisions\/95146"}],"wp:featuredmedia":[{"embeddable":true,"href":"https:\/\/elcuartopoder.com.mx\/nw\/wp-json\/wp\/v2\/media\/95145"}],"wp:attachment":[{"href":"https:\/\/elcuartopoder.com.mx\/nw\/wp-json\/wp\/v2\/media?parent=95144"}],"wp:term":[{"taxonomy":"category","embeddable":true,"href":"https:\/\/elcuartopoder.com.mx\/nw\/wp-json\/wp\/v2\/categories?post=95144"},{"taxonomy":"post_tag","embeddable":true,"href":"https:\/\/elcuartopoder.com.mx\/nw\/wp-json\/wp\/v2\/tags?post=95144"}],"curies":[{"name":"wp","href":"https:\/\/api.w.org\/{rel}","templated":true}]}}