{"id":95228,"date":"2021-09-30T21:04:20","date_gmt":"2021-10-01T02:04:20","guid":{"rendered":"http:\/\/elcuartopoder.com.mx\/nw\/?p=95228"},"modified":"2021-09-30T21:04:22","modified_gmt":"2021-10-01T02:04:22","slug":"conalep-dialogo-intersectorial","status":"publish","type":"post","link":"https:\/\/elcuartopoder.com.mx\/nw\/destacadas\/conalep-dialogo-intersectorial\/","title":{"rendered":"Conalep: DI\u00c1LOGO INTERSECTORIAL"},"content":{"rendered":"\n<p>Hoy\u00a0 se arranco con\u00a0 el DI\u00c1LOGO INTERSECTORIAL con el tema: \u00ab\ud835\udc70\ud835\udc8f\ud835\udc85\ud835\udc96\ud835\udc94\ud835\udc95\ud835\udc93\ud835\udc8a\ud835\udc82 \ud835\udc7b\ud835\udc96\ud835\udc93\ud835\udc8a\u0301\ud835\udc94\ud835\udc95\ud835\udc8a\ud835\udc84\ud835\udc82 \ud835\udc91\ud835\udc90\ud835\udc94\ud835\udc95 \ud835\udc6a\ud835\udc76\ud835\udc7d\ud835\udc70\ud835\udc6b-19\u00bb, donde se conto con la presencia del Dr. Enrique Ku Herrera, Director Nacional del Conalep, El Mtro. Rolando de Jes\u00fas L\u00f3pez Salda\u00f1a, Secretario General del Sistema Conalep, nuestro Director General el Mtro.\u00a0An\u00edbal Montalvo P\u00e9rez, la Mtra. Ana Isabel V\u00e1squez Jim\u00e9nez, Secretaria de la SEQ &#8211; Secretar\u00eda de Educaci\u00f3n de Quintana Roo, el Lic. Andr\u00e9s Gerardo Aguilar Becerril, Encargado del Despacho de la\u00a0Sedetur &#8211; Secretar\u00eda de Turismo de Quintana Roo, de manera virtual nos acompa\u00f1o el Dr. Javier Vel\u00e1squez Moctezuma, Coordinador Cient\u00edfico de\u00a0Fonatur\u00a0Tren Maya.Con el fin de realizar mesas de an\u00e1lisis para la actualizaci\u00f3n de la oferta educativa de las carreras PTB en Hospitalidad Tur\u00edstica y PTB en Alimentos y Bebidas. Este dialogo permite contar con una relaci\u00f3n m\u00e1s estrecha entre el sector empresarial, acad\u00e9mico y gubernamental con el fin analizar el periodo de recuperaci\u00f3n en el sector tur\u00edstico, tras la pandemia y as\u00ed implementar la nueva oferta educativa conforme a los est\u00e1ndares en el mercado laboral.#Di\u00e1logoIntersectorial<\/p>\n","protected":false},"excerpt":{"rendered":"<p>Hoy\u00a0 se arranco con\u00a0 el DI\u00c1LOGO INTERSECTORIAL con el tema: \u00ab\ud835\udc70\ud835\udc8f\ud835\udc85\ud835\udc96\ud835\udc94\ud835\udc95\ud835\udc93\ud835\udc8a\ud835\udc82 \ud835\udc7b\ud835\udc96\ud835\udc93\ud835\udc8a\u0301\ud835\udc94\ud835\udc95\ud835\udc8a\ud835\udc84\ud835\udc82 \ud835\udc91\ud835\udc90\ud835\udc94\ud835\udc95 \ud835\udc6a\ud835\udc76\ud835\udc7d\ud835\udc70\ud835\udc6b-19\u00bb, donde se conto con la presencia del Dr. Enrique Ku Herrera, Director Nacional del Conalep, El Mtro. Rolando de Jes\u00fas L\u00f3pez Salda\u00f1a, Secretario General del Sistema Conalep, nuestro Director General el Mtro.\u00a0An\u00edbal Montalvo P\u00e9rez, la Mtra. Ana Isabel V\u00e1squez Jim\u00e9nez, Secretaria [&hellip;]<\/p>\n","protected":false},"author":2,"featured_media":95229,"comment_status":"open","ping_status":"open","sticky":false,"template":"","format":"standard","meta":{"footnotes":""},"categories":[59],"tags":[],"class_list":["post-95228","post","type-post","status-publish","format-standard","has-post-thumbnail","hentry","category-destacadas"],"_links":{"self":[{"href":"https:\/\/elcuartopoder.com.mx\/nw\/wp-json\/wp\/v2\/posts\/95228","targetHints":{"allow":["GET"]}}],"collection":[{"href":"https:\/\/elcuartopoder.com.mx\/nw\/wp-json\/wp\/v2\/posts"}],"about":[{"href":"https:\/\/elcuartopoder.com.mx\/nw\/wp-json\/wp\/v2\/types\/post"}],"author":[{"embeddable":true,"href":"https:\/\/elcuartopoder.com.mx\/nw\/wp-json\/wp\/v2\/users\/2"}],"replies":[{"embeddable":true,"href":"https:\/\/elcuartopoder.com.mx\/nw\/wp-json\/wp\/v2\/comments?post=95228"}],"version-history":[{"count":1,"href":"https:\/\/elcuartopoder.com.mx\/nw\/wp-json\/wp\/v2\/posts\/95228\/revisions"}],"predecessor-version":[{"id":95230,"href":"https:\/\/elcuartopoder.com.mx\/nw\/wp-json\/wp\/v2\/posts\/95228\/revisions\/95230"}],"wp:featuredmedia":[{"embeddable":true,"href":"https:\/\/elcuartopoder.com.mx\/nw\/wp-json\/wp\/v2\/media\/95229"}],"wp:attachment":[{"href":"https:\/\/elcuartopoder.com.mx\/nw\/wp-json\/wp\/v2\/media?parent=95228"}],"wp:term":[{"taxonomy":"category","embeddable":true,"href":"https:\/\/elcuartopoder.com.mx\/nw\/wp-json\/wp\/v2\/categories?post=95228"},{"taxonomy":"post_tag","embeddable":true,"href":"https:\/\/elcuartopoder.com.mx\/nw\/wp-json\/wp\/v2\/tags?post=95228"}],"curies":[{"name":"wp","href":"https:\/\/api.w.org\/{rel}","templated":true}]}}