{"id":95237,"date":"2021-09-30T21:12:41","date_gmt":"2021-10-01T02:12:41","guid":{"rendered":"http:\/\/elcuartopoder.com.mx\/nw\/?p=95237"},"modified":"2021-09-30T21:12:42","modified_gmt":"2021-10-01T02:12:42","slug":"en-noviembre-encuesta-de-morena-para-elegir-candidato-a-gubernatura-de-quintana-roo-anuncia-mario-delgado","status":"publish","type":"post","link":"https:\/\/elcuartopoder.com.mx\/nw\/estatales\/en-noviembre-encuesta-de-morena-para-elegir-candidato-a-gubernatura-de-quintana-roo-anuncia-mario-delgado\/","title":{"rendered":"En noviembre encuesta de Morena para elegir candidato a gubernatura de Quintana Roo, anuncia Mario Delgado"},"content":{"rendered":"\n<p>Previo a la toma de protesta de Mara Lezama, Mario Delgado, presidente nacional de Morena, se dijo muy contento de acompa\u00f1ar a la presidenta municipal en este arranque de su segundo gobierno y que la gente all\u00e1 ratificado la confianza en el movimiento en este destino tan importante.<\/p>\n\n\n\n<p>A pregunta de c\u00f3mo ve Morena como candidatos a Mara Lezama, Luis Alegre, Jos\u00e9 Luis Pech, Marybel Villegas o Miguel Mar\u00edn, el l\u00edder del partido de Andr\u00e9s Manuel L\u00f3pez Obrador respondi\u00f3 que tienen precandidatas y precandidatos muy fuertes que cualquiera puede encabezar su proyecto para que llegue la cuarta transformaci\u00f3n a Quintana Roo.<\/p>\n\n\n\n<p>\u201c\u00bfQui\u00e9n ser\u00e1?, eso la va a decidir la gente, en Morena la gente es quien decide. Vamos a poner a disposici\u00f3n del pueblo de Quintana Roo esta decisi\u00f3n a trav\u00e9s de encuestas.<\/p>\n\n\n\n<p>Anunci\u00f3 que en el pr\u00f3ximo mes de noviembre se realizar\u00e1n las encuestas y que ser\u00e1n con muchas transparencias.<\/p>\n\n\n\n<p>Calific\u00f3 de exitosas a las alianzas hechas por Morena, por lo que para el pr\u00f3ximo proceso electoral a la gubernatura en seis estados del pa\u00eds podr\u00edan ir de nuevo junto con el Partido Verde y del Trabajo y descart\u00f3 totalmente al PRI.<\/p>\n\n\n\n<p>Por \u00faltimo, Mario Delgado dijo que el triunfo de Morena fue contundente al ganar 8 municipios m\u00e1s importantes de Quintana Roo, as\u00ed como las 4 diputaciones federales. \u201cEst\u00e1 muy claro que la gente quiere que llegue un proyecto que impulse la cuarta transformaci\u00f3n.<\/p>\n\n\n\n<p><strong>Fuente:<\/strong> marcrixnoticias<\/p>\n","protected":false},"excerpt":{"rendered":"<p>Previo a la toma de protesta de Mara Lezama, Mario Delgado, presidente nacional de Morena, se dijo muy contento de acompa\u00f1ar a la presidenta municipal en este arranque de su segundo gobierno y que la gente all\u00e1 ratificado la confianza en el movimiento en este destino tan importante. A pregunta de c\u00f3mo ve Morena como [&hellip;]<\/p>\n","protected":false},"author":2,"featured_media":95238,"comment_status":"open","ping_status":"open","sticky":false,"template":"","format":"standard","meta":{"footnotes":""},"categories":[60],"tags":[],"class_list":["post-95237","post","type-post","status-publish","format-standard","has-post-thumbnail","hentry","category-estatales"],"_links":{"self":[{"href":"https:\/\/elcuartopoder.com.mx\/nw\/wp-json\/wp\/v2\/posts\/95237","targetHints":{"allow":["GET"]}}],"collection":[{"href":"https:\/\/elcuartopoder.com.mx\/nw\/wp-json\/wp\/v2\/posts"}],"about":[{"href":"https:\/\/elcuartopoder.com.mx\/nw\/wp-json\/wp\/v2\/types\/post"}],"author":[{"embeddable":true,"href":"https:\/\/elcuartopoder.com.mx\/nw\/wp-json\/wp\/v2\/users\/2"}],"replies":[{"embeddable":true,"href":"https:\/\/elcuartopoder.com.mx\/nw\/wp-json\/wp\/v2\/comments?post=95237"}],"version-history":[{"count":1,"href":"https:\/\/elcuartopoder.com.mx\/nw\/wp-json\/wp\/v2\/posts\/95237\/revisions"}],"predecessor-version":[{"id":95239,"href":"https:\/\/elcuartopoder.com.mx\/nw\/wp-json\/wp\/v2\/posts\/95237\/revisions\/95239"}],"wp:featuredmedia":[{"embeddable":true,"href":"https:\/\/elcuartopoder.com.mx\/nw\/wp-json\/wp\/v2\/media\/95238"}],"wp:attachment":[{"href":"https:\/\/elcuartopoder.com.mx\/nw\/wp-json\/wp\/v2\/media?parent=95237"}],"wp:term":[{"taxonomy":"category","embeddable":true,"href":"https:\/\/elcuartopoder.com.mx\/nw\/wp-json\/wp\/v2\/categories?post=95237"},{"taxonomy":"post_tag","embeddable":true,"href":"https:\/\/elcuartopoder.com.mx\/nw\/wp-json\/wp\/v2\/tags?post=95237"}],"curies":[{"name":"wp","href":"https:\/\/api.w.org\/{rel}","templated":true}]}}