{"id":95240,"date":"2021-09-30T21:14:32","date_gmt":"2021-10-01T02:14:32","guid":{"rendered":"http:\/\/elcuartopoder.com.mx\/nw\/?p=95240"},"modified":"2021-09-30T21:14:33","modified_gmt":"2021-10-01T02:14:33","slug":"alistan-duro-golpe-a-la-economia-de-los-chetumalenos-incrementarian-la-tarifa-de-los-taxis","status":"publish","type":"post","link":"https:\/\/elcuartopoder.com.mx\/nw\/municipales\/alistan-duro-golpe-a-la-economia-de-los-chetumalenos-incrementarian-la-tarifa-de-los-taxis\/","title":{"rendered":"Alistan duro golpe a la econom\u00eda de los chetumale\u00f1os, incrementar\u00edan la tarifa de los taxis"},"content":{"rendered":"\n<p>Con una mala noticia despertaron los habitantes de Chetumal, debido a que a trav\u00e9s de las redes sociales se empez\u00f3 a difundir que en breve ser\u00e1 anunciada un alza en la tarifa de taxi, lo cual pasar\u00e1 a afectar los bolsillos de muchas familias, pues ser\u00edan hasta 5 pesos por viaje los que se incrementar\u00edan.<\/p>\n\n\n\n<p>Y de acuerdo con el secretario general del SUCHAA, Julio C\u00e9sar Castillo, se prev\u00e9 que esto ocurra en las pr\u00f3ximas semanas, argumentando que el costo de la gasolina los ha orillado a eso.<\/p>\n\n\n\n<p>Ante esto, los chetumale\u00f1os han inundado las redes sociales con peticiones para que no suban la tarifa de taxi, mientras que otros est\u00e1n convocando a dejar de usar el transporte si suben el precio. <\/p>\n\n\n\n<p><strong>Fuente:<\/strong> marcrixnoticias<\/p>\n","protected":false},"excerpt":{"rendered":"<p>Con una mala noticia despertaron los habitantes de Chetumal, debido a que a trav\u00e9s de las redes sociales se empez\u00f3 a difundir que en breve ser\u00e1 anunciada un alza en la tarifa de taxi, lo cual pasar\u00e1 a afectar los bolsillos de muchas familias, pues ser\u00edan hasta 5 pesos por viaje los que se incrementar\u00edan. [&hellip;]<\/p>\n","protected":false},"author":2,"featured_media":95241,"comment_status":"open","ping_status":"open","sticky":false,"template":"","format":"standard","meta":{"footnotes":""},"categories":[6],"tags":[],"class_list":["post-95240","post","type-post","status-publish","format-standard","has-post-thumbnail","hentry","category-municipales"],"_links":{"self":[{"href":"https:\/\/elcuartopoder.com.mx\/nw\/wp-json\/wp\/v2\/posts\/95240","targetHints":{"allow":["GET"]}}],"collection":[{"href":"https:\/\/elcuartopoder.com.mx\/nw\/wp-json\/wp\/v2\/posts"}],"about":[{"href":"https:\/\/elcuartopoder.com.mx\/nw\/wp-json\/wp\/v2\/types\/post"}],"author":[{"embeddable":true,"href":"https:\/\/elcuartopoder.com.mx\/nw\/wp-json\/wp\/v2\/users\/2"}],"replies":[{"embeddable":true,"href":"https:\/\/elcuartopoder.com.mx\/nw\/wp-json\/wp\/v2\/comments?post=95240"}],"version-history":[{"count":1,"href":"https:\/\/elcuartopoder.com.mx\/nw\/wp-json\/wp\/v2\/posts\/95240\/revisions"}],"predecessor-version":[{"id":95242,"href":"https:\/\/elcuartopoder.com.mx\/nw\/wp-json\/wp\/v2\/posts\/95240\/revisions\/95242"}],"wp:featuredmedia":[{"embeddable":true,"href":"https:\/\/elcuartopoder.com.mx\/nw\/wp-json\/wp\/v2\/media\/95241"}],"wp:attachment":[{"href":"https:\/\/elcuartopoder.com.mx\/nw\/wp-json\/wp\/v2\/media?parent=95240"}],"wp:term":[{"taxonomy":"category","embeddable":true,"href":"https:\/\/elcuartopoder.com.mx\/nw\/wp-json\/wp\/v2\/categories?post=95240"},{"taxonomy":"post_tag","embeddable":true,"href":"https:\/\/elcuartopoder.com.mx\/nw\/wp-json\/wp\/v2\/tags?post=95240"}],"curies":[{"name":"wp","href":"https:\/\/api.w.org\/{rel}","templated":true}]}}