{"id":95243,"date":"2021-09-30T21:16:20","date_gmt":"2021-10-01T02:16:20","guid":{"rendered":"http:\/\/elcuartopoder.com.mx\/nw\/?p=95243"},"modified":"2021-09-30T21:16:22","modified_gmt":"2021-10-01T02:16:22","slug":"el-fructifero-negocio-que-comparten-nadal-gasol-y-cristiano-aterrizara-en-beverly-hills","status":"publish","type":"post","link":"https:\/\/elcuartopoder.com.mx\/nw\/entretenimiento\/deportes\/el-fructifero-negocio-que-comparten-nadal-gasol-y-cristiano-aterrizara-en-beverly-hills\/","title":{"rendered":"El fruct\u00edfero negocio que comparten Nadal, Gasol y Cristiano aterrizar\u00e1 en Beverly Hills"},"content":{"rendered":"\n<p>\u00bfQu\u00e9 tienen en com\u00fan\u00a0<strong>Cristiano Ronaldo<\/strong>,\u00a0<strong>Rafa Nadal<\/strong>\u00a0y\u00a0<strong>Pau Gasol<\/strong>? Adem\u00e1s de ser deportistas estrella en sus respectivas disciplinas, los tres se embolsan una cuantiosa suma de dinero cada a\u00f1o gracias a\u00a0<strong>negocios que se alejan del f\u00fatbol<\/strong>, el tenis y el baloncesto. Ya no solo se habla de gruesos contratos publicitarios con firmas de todo tipo, sino que cada uno de ellos invierte en diferentes sectores con los que diversificar sus beneficios. Aunque cada uno tiene sus propios proyectos que van desde\u00a0<strong>cadenas de hoteles<\/strong>\u00a0a\u00a0<strong>apartamentos de lujo<\/strong>, hay uno en concreto que los ha unido, y est\u00e1 relacionado con el mundo de la gastronom\u00eda y el ocio.<\/p>\n\n\n\n<p>El elemento en cuesti\u00f3n es el restaurante&nbsp;<strong>Tatel<\/strong>, uno de los m\u00e1s chic y emblem\u00e1ticos de la capital donde los tres son inversores, un concepto creado por Manuel Campos Guallar y Abel Matutes Prats, que vive uno de sus mejores momentos. Hablar de este local es hacer referencia al lujo ya no solo en el paladar, tambi\u00e9n en el ambiente, de ah\u00ed que sea uno de los favoritos de las celebrities del panorama nacional e internacional.<\/p>\n\n\n\n<p>Tal y como explican en su web, \u00abrepresenta la quinta esencia del esp\u00edritu acogedor y l\u00fadico que caracteriza a los restaurantes espa\u00f1oles\u00bb, y es que si en algo son especialistas es en recuperar las recetas tradicionales -as\u00ed como los c\u00f3cteles- y reinterpretarlas con un toque \u2018outsider\u2019 muy vanguardista. El responsable de ello es el chef Luigi Fineo, galardonado con&nbsp;<strong>una estrella Michelin.<\/strong><\/p>\n\n\n\n<figure class=\"wp-block-image\"><img decoding=\"async\" src=\"https:\/\/static4.abc.es\/media\/summum\/2021\/09\/24\/tatel-kupE--660x372@abc.jpg\" alt=\"El restaurante Tatel de Beverly Hills\"\/><figcaption>El restaurante Tatel de Beverly Hills &#8211;&nbsp;\u00a9 Tatel<\/figcaption><\/figure>\n\n\n\n<p>La aventura empresarial de Tatel comenz\u00f3 en&nbsp;<strong>Madrid<\/strong>&nbsp;en 2014 (donde por cierto, ha servido como escenario para m\u00faltiples anuncios y series como por ejemplo&nbsp;<strong>\u2018La casa de Papel\u2019<\/strong>) y se expandi\u00f3 a&nbsp;<strong>Ibiza&nbsp;<\/strong>en 2017, siendo este \u00faltimo nombrado uno de los 25 mejores restaurantes del mundo seg\u00fan la revista \u2018USA Today\u2019. Ahora, cuatro a\u00f1os m\u00e1s tarde y una pandemia despu\u00e9s, desembarca al otro lado del charco, concretamente en&nbsp;<strong>Beverly Hills<\/strong>, y las reacciones de los deportistas no han tardado en darse.<\/p>\n\n\n\n<p>\u00abAqu\u00ed est\u00e1&#8230; La familia Tatel sigue creciendo. Muy feliz de anunciar la apertura de Tatel Beverly Hills. La experiencia Tatel ahora tambi\u00e9n se puede disfrutar en el coraz\u00f3n de esta ic\u00f3nica ciudad. Bienvenido\u00bb. De este modo anunci\u00f3 Nadal en su cuenta de Instagram la pr\u00f3xima inauguraci\u00f3n, emocionado.<\/p>\n\n\n\n<p>La nueva apertura estar\u00e1 situada en\u00a0<strong>N Canon Drive<\/strong>, algo as\u00ed como \u2018la milla de oro\u2019 culinaria de Los Angeles, por lo que se espera que entre su clientela\u00a0<strong>figure un amplio elenco de celebrities<\/strong>\u00a0de la ciudad de las estrellas. Sin duda una apuesta segura que incrementar\u00e1 todav\u00eda m\u00e1s las cuentas bancarias de todos ellos.<\/p>\n\n\n\n<p><strong>Fuente: <\/strong>ABC<\/p>\n","protected":false},"excerpt":{"rendered":"<p>\u00bfQu\u00e9 tienen en com\u00fan\u00a0Cristiano Ronaldo,\u00a0Rafa Nadal\u00a0y\u00a0Pau Gasol? Adem\u00e1s de ser deportistas estrella en sus respectivas disciplinas, los tres se embolsan una cuantiosa suma de dinero cada a\u00f1o gracias a\u00a0negocios que se alejan del f\u00fatbol, el tenis y el baloncesto. Ya no solo se habla de gruesos contratos publicitarios con firmas de todo tipo, sino que [&hellip;]<\/p>\n","protected":false},"author":2,"featured_media":95244,"comment_status":"open","ping_status":"open","sticky":false,"template":"","format":"standard","meta":{"footnotes":""},"categories":[7],"tags":[],"class_list":["post-95243","post","type-post","status-publish","format-standard","has-post-thumbnail","hentry","category-deportes"],"_links":{"self":[{"href":"https:\/\/elcuartopoder.com.mx\/nw\/wp-json\/wp\/v2\/posts\/95243","targetHints":{"allow":["GET"]}}],"collection":[{"href":"https:\/\/elcuartopoder.com.mx\/nw\/wp-json\/wp\/v2\/posts"}],"about":[{"href":"https:\/\/elcuartopoder.com.mx\/nw\/wp-json\/wp\/v2\/types\/post"}],"author":[{"embeddable":true,"href":"https:\/\/elcuartopoder.com.mx\/nw\/wp-json\/wp\/v2\/users\/2"}],"replies":[{"embeddable":true,"href":"https:\/\/elcuartopoder.com.mx\/nw\/wp-json\/wp\/v2\/comments?post=95243"}],"version-history":[{"count":1,"href":"https:\/\/elcuartopoder.com.mx\/nw\/wp-json\/wp\/v2\/posts\/95243\/revisions"}],"predecessor-version":[{"id":95245,"href":"https:\/\/elcuartopoder.com.mx\/nw\/wp-json\/wp\/v2\/posts\/95243\/revisions\/95245"}],"wp:featuredmedia":[{"embeddable":true,"href":"https:\/\/elcuartopoder.com.mx\/nw\/wp-json\/wp\/v2\/media\/95244"}],"wp:attachment":[{"href":"https:\/\/elcuartopoder.com.mx\/nw\/wp-json\/wp\/v2\/media?parent=95243"}],"wp:term":[{"taxonomy":"category","embeddable":true,"href":"https:\/\/elcuartopoder.com.mx\/nw\/wp-json\/wp\/v2\/categories?post=95243"},{"taxonomy":"post_tag","embeddable":true,"href":"https:\/\/elcuartopoder.com.mx\/nw\/wp-json\/wp\/v2\/tags?post=95243"}],"curies":[{"name":"wp","href":"https:\/\/api.w.org\/{rel}","templated":true}]}}