{"id":95246,"date":"2021-09-30T21:18:19","date_gmt":"2021-10-01T02:18:19","guid":{"rendered":"http:\/\/elcuartopoder.com.mx\/nw\/?p=95246"},"modified":"2021-09-30T21:18:20","modified_gmt":"2021-10-01T02:18:20","slug":"padres-encuentran-muerta-a-su-hija-tras-discusion-por-telefono-celular","status":"publish","type":"post","link":"https:\/\/elcuartopoder.com.mx\/nw\/policiacas\/padres-encuentran-muerta-a-su-hija-tras-discusion-por-telefono-celular\/","title":{"rendered":"Padres encuentran muerta a su hija tras discusi\u00f3n por tel\u00e9fono celular"},"content":{"rendered":"\n<p>Tragedia en la zona continental de Isla Mujeres: Padres&nbsp;<strong>encuentran muerta a su hija adolescente<\/strong>&nbsp;luego de una discusi\u00f3n relacionada con su tel\u00e9fono celular.<\/p>\n\n\n\n<p>De acuerdo con informaci\u00f3n preliminar, el lamentable incidente ocurri\u00f3 hoy martes 28 de septiembre de 2021, en un domicilio ubicado en la&nbsp;<strong>colonia San Antonio, en la zona continental<\/strong>.<\/p>\n\n\n\n<p>Ah\u00ed, los padres de la menor se dieron cuenta de que la joven&nbsp;<strong>intercambiaba mensajes con un hombre<\/strong>&nbsp;al que supuestamente conoci\u00f3 a trav\u00e9s de redes sociales.<\/p>\n\n\n\n<p>Ante esta situaci\u00f3n, el padre y la madre decidieron que lo mejor era quitarle el tel\u00e9fono celular a la menor, quien molesta se encerr\u00f3 en su habitaci\u00f3n.<\/p>\n\n\n\n<p>Pero lamentablemente, la historia no termin\u00f3 aqu\u00ed.<\/p>\n\n\n\n<p>Horas despu\u00e9s, cuando los padres fueron al cuarto de la menor, descubrieron horrorizados que su&nbsp;<strong>hija de 12 a\u00f1os de edad se quit\u00f3 la vida<\/strong>.<\/p>\n\n\n\n<p>Aunque r\u00e1pidamente llamaron al servicio de emergencia 911, nada pudieron hacer los cuerpos de emergencia.<\/p>\n\n\n\n<p>Al lugar llegaron elementos de la Polic\u00eda Quintana Roo y Agentes Ministeriales para tomar conocimiento, m\u00e1s tarde arrib\u00f3 personal de servicios periciales de la Fiscal\u00eda General del Estado (FGE), para levantar el cuerpo y trasladarlo al Servicio M\u00e9dico Forense (Semefo).\u00a0\u00a0<\/p>\n\n\n\n<p><strong>Fuente:<\/strong> SIPSE<\/p>\n","protected":false},"excerpt":{"rendered":"<p>Tragedia en la zona continental de Isla Mujeres: Padres&nbsp;encuentran muerta a su hija adolescente&nbsp;luego de una discusi\u00f3n relacionada con su tel\u00e9fono celular. De acuerdo con informaci\u00f3n preliminar, el lamentable incidente ocurri\u00f3 hoy martes 28 de septiembre de 2021, en un domicilio ubicado en la&nbsp;colonia San Antonio, en la zona continental. Ah\u00ed, los padres de la [&hellip;]<\/p>\n","protected":false},"author":2,"featured_media":95247,"comment_status":"open","ping_status":"open","sticky":false,"template":"","format":"standard","meta":{"footnotes":""},"categories":[23],"tags":[],"class_list":["post-95246","post","type-post","status-publish","format-standard","has-post-thumbnail","hentry","category-policiacas"],"_links":{"self":[{"href":"https:\/\/elcuartopoder.com.mx\/nw\/wp-json\/wp\/v2\/posts\/95246","targetHints":{"allow":["GET"]}}],"collection":[{"href":"https:\/\/elcuartopoder.com.mx\/nw\/wp-json\/wp\/v2\/posts"}],"about":[{"href":"https:\/\/elcuartopoder.com.mx\/nw\/wp-json\/wp\/v2\/types\/post"}],"author":[{"embeddable":true,"href":"https:\/\/elcuartopoder.com.mx\/nw\/wp-json\/wp\/v2\/users\/2"}],"replies":[{"embeddable":true,"href":"https:\/\/elcuartopoder.com.mx\/nw\/wp-json\/wp\/v2\/comments?post=95246"}],"version-history":[{"count":1,"href":"https:\/\/elcuartopoder.com.mx\/nw\/wp-json\/wp\/v2\/posts\/95246\/revisions"}],"predecessor-version":[{"id":95248,"href":"https:\/\/elcuartopoder.com.mx\/nw\/wp-json\/wp\/v2\/posts\/95246\/revisions\/95248"}],"wp:featuredmedia":[{"embeddable":true,"href":"https:\/\/elcuartopoder.com.mx\/nw\/wp-json\/wp\/v2\/media\/95247"}],"wp:attachment":[{"href":"https:\/\/elcuartopoder.com.mx\/nw\/wp-json\/wp\/v2\/media?parent=95246"}],"wp:term":[{"taxonomy":"category","embeddable":true,"href":"https:\/\/elcuartopoder.com.mx\/nw\/wp-json\/wp\/v2\/categories?post=95246"},{"taxonomy":"post_tag","embeddable":true,"href":"https:\/\/elcuartopoder.com.mx\/nw\/wp-json\/wp\/v2\/tags?post=95246"}],"curies":[{"name":"wp","href":"https:\/\/api.w.org\/{rel}","templated":true}]}}