{"id":95255,"date":"2021-09-30T21:25:03","date_gmt":"2021-10-01T02:25:03","guid":{"rendered":"http:\/\/elcuartopoder.com.mx\/nw\/?p=95255"},"modified":"2021-09-30T21:25:05","modified_gmt":"2021-10-01T02:25:05","slug":"fracasa-mollinedo-en-un-lado-lo-quieren-mandar-a-otro","status":"publish","type":"post","link":"https:\/\/elcuartopoder.com.mx\/nw\/politica\/fracasa-mollinedo-en-un-lado-lo-quieren-mandar-a-otro\/","title":{"rendered":"FRACASA MOLLINEDO EN UN LADO\u2026 LO QUIEREN MANDAR A OTRO"},"content":{"rendered":"\n<p>Quintana Roo.- Sin mostrar avances importantes en su encargo sexenal como director general del Corredor Tur\u00edstico del Istmo de Tehuantepec, Rafael Fernando Mar\u00edn Mollinedo ya anda bien \u201cmovido\u201d en Quintana Roo en busca de la anhelada candidatura a gobernador de Quintana Roo.<\/p>\n\n\n\n<p>Seg\u00fan expertos, con apenas un 10 por ciento de iniciado el proyecto trans\u00edsmico, el nacido en Teapa, Tabasco, y residente en Canc\u00fan desde hace por lo menos dos d\u00e9cadas, ya se encuentra en la tierra bautizada por los mayas como \u201cnido de serpientes\u201d. O mejor dicho nunca se fue. Solo se iba fines de semana bien acompa\u00f1ado y regresan feliz de la supervisi\u00f3n de las disque obras.<\/p>\n\n\n\n<p>El caso es que anda tan apurado por subirse al carril que lo llevar\u00e1 en busca del anhelado puesto de elecci\u00f3n popular, que el medio de este lunes activ\u00f3 torpemente la \u201cestrategia\u201d facebuquera de morenos que se dicen \u201cfundadores\u201d empe\u00f1ados en ir ganando adeptos en las redes sociales.<\/p>\n\n\n\n<p>Ahora resulta que se convirti\u00f3 en un abuelo querido por los j\u00f3venes que suplican en las redes que lo sigan en su Twitter. De cuando ac\u00e1 la \u201cchamacada\u201d quiere a septuagenarios como gobernantes.<\/p>\n\n\n\n<p>La incongruencia en la cual se encuentra sumergida la pol\u00edtica en Quintana Roo y todo el pa\u00eds, aflora no solo en los aspirantes sino tambi\u00e9n en sus operadores.<\/p>\n\n\n\n<p>Y si bien su nombre se viene barajando desde hace unos tres a\u00f1os para ser el candidato de Morena a la gubernatura de Quintana Roo, c\u00f3mo director general del Corredor Inteoce\u00e1nico del Itsmo de Tehuantepec la verdad es que ha sido un fracaso, envuelto en esc\u00e1ndalos de desv\u00edos millonarios en municipios de Oaxaca y Veracruz. Que lo compre qui\u00e9n no lo conoce, dir\u00eda el cl\u00e1sico del buen negocio.<\/p>\n\n\n\n<p><strong>Fuente:<\/strong> solquintanaroo<\/p>\n","protected":false},"excerpt":{"rendered":"<p>Quintana Roo.- Sin mostrar avances importantes en su encargo sexenal como director general del Corredor Tur\u00edstico del Istmo de Tehuantepec, Rafael Fernando Mar\u00edn Mollinedo ya anda bien \u201cmovido\u201d en Quintana Roo en busca de la anhelada candidatura a gobernador de Quintana Roo. Seg\u00fan expertos, con apenas un 10 por ciento de iniciado el proyecto trans\u00edsmico, [&hellip;]<\/p>\n","protected":false},"author":2,"featured_media":95256,"comment_status":"open","ping_status":"open","sticky":false,"template":"","format":"standard","meta":{"footnotes":""},"categories":[61],"tags":[],"class_list":["post-95255","post","type-post","status-publish","format-standard","has-post-thumbnail","hentry","category-politica"],"_links":{"self":[{"href":"https:\/\/elcuartopoder.com.mx\/nw\/wp-json\/wp\/v2\/posts\/95255","targetHints":{"allow":["GET"]}}],"collection":[{"href":"https:\/\/elcuartopoder.com.mx\/nw\/wp-json\/wp\/v2\/posts"}],"about":[{"href":"https:\/\/elcuartopoder.com.mx\/nw\/wp-json\/wp\/v2\/types\/post"}],"author":[{"embeddable":true,"href":"https:\/\/elcuartopoder.com.mx\/nw\/wp-json\/wp\/v2\/users\/2"}],"replies":[{"embeddable":true,"href":"https:\/\/elcuartopoder.com.mx\/nw\/wp-json\/wp\/v2\/comments?post=95255"}],"version-history":[{"count":1,"href":"https:\/\/elcuartopoder.com.mx\/nw\/wp-json\/wp\/v2\/posts\/95255\/revisions"}],"predecessor-version":[{"id":95257,"href":"https:\/\/elcuartopoder.com.mx\/nw\/wp-json\/wp\/v2\/posts\/95255\/revisions\/95257"}],"wp:featuredmedia":[{"embeddable":true,"href":"https:\/\/elcuartopoder.com.mx\/nw\/wp-json\/wp\/v2\/media\/95256"}],"wp:attachment":[{"href":"https:\/\/elcuartopoder.com.mx\/nw\/wp-json\/wp\/v2\/media?parent=95255"}],"wp:term":[{"taxonomy":"category","embeddable":true,"href":"https:\/\/elcuartopoder.com.mx\/nw\/wp-json\/wp\/v2\/categories?post=95255"},{"taxonomy":"post_tag","embeddable":true,"href":"https:\/\/elcuartopoder.com.mx\/nw\/wp-json\/wp\/v2\/tags?post=95255"}],"curies":[{"name":"wp","href":"https:\/\/api.w.org\/{rel}","templated":true}]}}