{"id":95270,"date":"2021-10-01T11:06:18","date_gmt":"2021-10-01T16:06:18","guid":{"rendered":"http:\/\/elcuartopoder.com.mx\/nw\/?p=95270"},"modified":"2021-10-01T11:06:19","modified_gmt":"2021-10-01T16:06:19","slug":"fonatur-se-queda-en-cancun-a-pesar-del-descontrol-en-zona-hotelera","status":"publish","type":"post","link":"https:\/\/elcuartopoder.com.mx\/nw\/destacadas\/fonatur-se-queda-en-cancun-a-pesar-del-descontrol-en-zona-hotelera\/","title":{"rendered":"Fonatur se queda en Canc\u00fan a pesar del \u201cdescontrol\u201d en zona hotelera"},"content":{"rendered":"\n<p>El Fondo Nacional de Fomento al Turismo (Fonatur) se queda en Canc\u00fan, a pesar de las diferencias sobre la&nbsp;<strong>densidad y el l\u00edmite de servicios<\/strong>&nbsp;en la zona hotelera.<\/p>\n\n\n\n<p>Rogelio Jim\u00e9nez Pons, director general de Fonatur,&nbsp;<strong>se retract\u00f3 de sus dichos<\/strong>&nbsp;-as\u00ed como los del director jur\u00eddico Alejandro Varela- cuando afirm\u00f3 que la dependencia se retirar\u00eda de Canc\u00fan si continuaba densificando la zona hotelera.<\/p>\n\n\n\n<blockquote class=\"wp-block-quote is-layout-flow wp-block-quote-is-layout-flow\"><p>\u201cEs puro cuento, s\u00ed lo hemos dicho pero es para evitar que se sobrecargue\u201d,<\/p><\/blockquote>\n\n\n\n<p>respondi\u00f3 el funcionario al ser cuestionado.<\/p>\n\n\n\n<p>Tanto el director general como el jur\u00eddico aseguraron que Fonatur dejar\u00eda la administraci\u00f3n del Centro Integralmente Planeado (CIP) Canc\u00fan toda vez que&nbsp;<strong>no cuentan con recursos para incrementar la capacidad de servicios<\/strong>&nbsp;que se prestan y que operan al l\u00edmite, como las plantas de tratamiento.<\/p>\n\n\n\n<p>Aunque evadi\u00f3 hablar del mencionado retiro, sostuvo que ya se est\u00e1 trabajando con el gobierno municipal y el estatal para&nbsp;<strong>evitar que se aprueben m\u00e1s permisos<\/strong>.<\/p>\n\n\n\n<p>Aleg\u00f3 que los ya concedidos, como en el caso del proyecto Riviera Canc\u00fan de la cadena RIU, se entregaron en pasadas administraciones.<\/p>\n\n\n\n<blockquote class=\"wp-block-quote is-layout-flow wp-block-quote-is-layout-flow\"><p>\u201cAhora ya estamos trabajando en concordancia\u201d, agreg\u00f3.<\/p><\/blockquote>\n\n\n\n<p>Reiter\u00f3 que&nbsp;<strong>la infraestructura est\u00e1 gastada y en su l\u00edmite de operaci\u00f3n<\/strong>, por lo que se mantienen en la misma postura de evitar nuevas construcciones hoteleras.<\/p>\n\n\n\n<p>Desde el inicio de los trabajos de construcci\u00f3n del hotel Riviera Canc\u00fan Fonatur se ha posicionado en contra.<\/p>\n\n\n\n<p>Neg\u00f3 a la cadena hotelera la conexi\u00f3n a la planta de tratamiento El Rey, luego de que no se concret\u00f3 un convenio mediante el cual RIU invertir\u00eda en la ampliaci\u00f3n.<\/p>\n\n\n\n<p>Asimismo, Fonatur gir\u00f3 un oficio al&nbsp;<strong>Tercer Tribunal Colegiado con sede en Canc\u00fan<\/strong>&nbsp;en el que calific\u00f3 de ilegal la licencia de construcci\u00f3n otorgada por el Ayuntamiento de Benito Ju\u00e1rez.<\/p>\n\n\n\n<p>No obstante, dicho Tribunal&nbsp;<strong>revoc\u00f3 la suspensi\u00f3n definitiva<\/strong>&nbsp;que ten\u00eda la obra, por lo que RIU inform\u00f3 que reanudar\u00e1 la obra en las inmediaciones de Punta Nizuc.<\/p>\n\n\n\n<p>El \u00e1rea de relaciones p\u00fablicas de la cadena espa\u00f1ola indic\u00f3 que est\u00e1n esperando dar aviso al Ayuntamiento para retomar los trabajos.<\/p>\n\n\n\n<p><strong>Fuente:<\/strong> SIPSE<\/p>\n","protected":false},"excerpt":{"rendered":"<p>El Fondo Nacional de Fomento al Turismo (Fonatur) se queda en Canc\u00fan, a pesar de las diferencias sobre la&nbsp;densidad y el l\u00edmite de servicios&nbsp;en la zona hotelera. Rogelio Jim\u00e9nez Pons, director general de Fonatur,&nbsp;se retract\u00f3 de sus dichos&nbsp;-as\u00ed como los del director jur\u00eddico Alejandro Varela- cuando afirm\u00f3 que la dependencia se retirar\u00eda de Canc\u00fan si [&hellip;]<\/p>\n","protected":false},"author":2,"featured_media":95271,"comment_status":"open","ping_status":"open","sticky":false,"template":"","format":"standard","meta":{"footnotes":""},"categories":[59],"tags":[],"class_list":["post-95270","post","type-post","status-publish","format-standard","has-post-thumbnail","hentry","category-destacadas"],"_links":{"self":[{"href":"https:\/\/elcuartopoder.com.mx\/nw\/wp-json\/wp\/v2\/posts\/95270","targetHints":{"allow":["GET"]}}],"collection":[{"href":"https:\/\/elcuartopoder.com.mx\/nw\/wp-json\/wp\/v2\/posts"}],"about":[{"href":"https:\/\/elcuartopoder.com.mx\/nw\/wp-json\/wp\/v2\/types\/post"}],"author":[{"embeddable":true,"href":"https:\/\/elcuartopoder.com.mx\/nw\/wp-json\/wp\/v2\/users\/2"}],"replies":[{"embeddable":true,"href":"https:\/\/elcuartopoder.com.mx\/nw\/wp-json\/wp\/v2\/comments?post=95270"}],"version-history":[{"count":1,"href":"https:\/\/elcuartopoder.com.mx\/nw\/wp-json\/wp\/v2\/posts\/95270\/revisions"}],"predecessor-version":[{"id":95272,"href":"https:\/\/elcuartopoder.com.mx\/nw\/wp-json\/wp\/v2\/posts\/95270\/revisions\/95272"}],"wp:featuredmedia":[{"embeddable":true,"href":"https:\/\/elcuartopoder.com.mx\/nw\/wp-json\/wp\/v2\/media\/95271"}],"wp:attachment":[{"href":"https:\/\/elcuartopoder.com.mx\/nw\/wp-json\/wp\/v2\/media?parent=95270"}],"wp:term":[{"taxonomy":"category","embeddable":true,"href":"https:\/\/elcuartopoder.com.mx\/nw\/wp-json\/wp\/v2\/categories?post=95270"},{"taxonomy":"post_tag","embeddable":true,"href":"https:\/\/elcuartopoder.com.mx\/nw\/wp-json\/wp\/v2\/tags?post=95270"}],"curies":[{"name":"wp","href":"https:\/\/api.w.org\/{rel}","templated":true}]}}