{"id":98661,"date":"2021-12-02T10:33:47","date_gmt":"2021-12-02T15:33:47","guid":{"rendered":"http:\/\/elcuartopoder.com.mx\/nw\/?p=98661"},"modified":"2021-12-02T10:33:48","modified_gmt":"2021-12-02T15:33:48","slug":"duro-golpe-a-la-union-tepito-y-al-cjng-arrestan-a-esteban-n-alias-el-ojos","status":"publish","type":"post","link":"https:\/\/elcuartopoder.com.mx\/nw\/policiacas\/duro-golpe-a-la-union-tepito-y-al-cjng-arrestan-a-esteban-n-alias-el-ojos\/","title":{"rendered":"Duro golpe a La Uni\u00f3n Tepito y al CJNG: arrestan a Esteban \u00abN\u00bb alias \u00abEl Ojos\u00bb"},"content":{"rendered":"\n<p>La tarde de este mi\u00e9rcoles, la\u00a0Secretar\u00eda de la Defensa Nacional (<strong>Sedena<\/strong>), inform\u00f3 que lograron la detenci\u00f3n de\u00a0<strong>Esteban \u201cN\u201d\u00a0<\/strong>alias\u00a0<strong>\u00abEl Ojos\u00bb,<\/strong>\u00a0presunto l\u00edder de\u00a0<strong>La Uni\u00f3n Tepito\u00a0<\/strong>y operador del C\u00e1rtel Jalisco Nueva Generaci\u00f3n (CJNG), dedicado a la distribuci\u00f3n de drogas en la capital del pa\u00eds y\u00a0Estado de M\u00e9xico.<\/p>\n\n\n\n<p>A trav\u00e9s de un comunicado, indic\u00f3 que la captura la realizaron&nbsp;elementos del&nbsp;<strong>Ej\u00e9rcito Mexicano<\/strong>, en apoyo a la Fiscal\u00eda General de la Rep\u00fablica (<strong>FGR<\/strong>), Agencia de Investigaci\u00f3n Criminal (<strong>AIC<\/strong>), Centro Nacional de Inteligencia (<strong>CNI<\/strong>) y la Guardia Nacional, en el marco de la Estrategia Nacional de Prevenci\u00f3n de Adicciones Juntos por la Paz.<\/p>\n\n\n\n<p>\u00abDerivado de la planeaci\u00f3n, coordinaci\u00f3n interinstitucional y de los trabajos de inteligencia para detectar organizaciones criminales con presencia en la capital del pa\u00eds y\u00a0<strong>Estado de M\u00e9xico<\/strong>, se logr\u00f3 la ubicaci\u00f3n del ahora detenido y 5 presuntos delincuentes\u00bb, se puede leer en la misiva.<\/p>\n\n\n\n<figure class=\"wp-block-image\"><img decoding=\"async\" src=\"https:\/\/heraldodemexico.com.mx\/u\/fotografias\/m\/2021\/12\/1\/f768x1-450948_451075_0.jpg\" alt=\"\"\/><figcaption>Los militares catearon 5 inmuebles en el operativo (Foto: Archivo | Cuartoscuro)<\/figcaption><\/figure>\n\n\n\n<h2 class=\"wp-block-heading\"><strong>\u00bfC\u00f3mo lograron la detenci\u00f3n de Esteban \u00abN\u00bb?<\/strong><\/h2>\n\n\n\n<p>De acuerdo con la&nbsp;<strong>Sedena<\/strong>, en una acci\u00f3n coordinada&nbsp;los elementos de la&nbsp;<strong>FGR<\/strong>, con el apoyo de personal del Ej\u00e9rcito Mexicano y Guardia Nacional cumplimentaron 5 \u00f3rdenes de cateo a igual n\u00famero de inmuebles ubicados en la capital del pa\u00eds y Estado de M\u00e9xico, \u00abdeteniendo a&nbsp;<strong>Esteban &#8216;N&#8217;&nbsp;<\/strong>en flagrancia delictiva y a 5 presuntos integrantes de una c\u00e9lula delincuencial, a quienes se cumplimentaron \u00f3rdenes de aprehensi\u00f3n por el delito de delincuencia organizada con la finalidad de cometer delitos contra la salud\u00bb.&nbsp;<\/p>\n\n\n\n<p>Indic\u00f3 que en\u00a03 de los\u00a0domicilios cateados\u00a0se aseguraron diversos paquetes conteniendo una hierba verde con caracter\u00edsticas propias de la mariguana, as\u00ed como diversos envoltorios con\u00a0<strong>polvo<\/strong>\u00a0<strong>blanco<\/strong>\u00a0con propiedades similares a la coca\u00edna.<\/p>\n\n\n\n<p>Tanto los detenidos y lo asegurado fueron puestos a disposici\u00f3n de las autoridades correspondientes, con lo que se asesta un duro golpe a las c\u00e9lulas dedicadas al tr\u00e1fico de drogas en dicha regi\u00f3n del pa\u00eds.\u00a0<\/p>\n\n\n\n<p><strong>Fuente: <\/strong>heraldodemexico<\/p>\n","protected":false},"excerpt":{"rendered":"<p>La tarde de este mi\u00e9rcoles, la\u00a0Secretar\u00eda de la Defensa Nacional (Sedena), inform\u00f3 que lograron la detenci\u00f3n de\u00a0Esteban \u201cN\u201d\u00a0alias\u00a0\u00abEl Ojos\u00bb,\u00a0presunto l\u00edder de\u00a0La Uni\u00f3n Tepito\u00a0y operador del C\u00e1rtel Jalisco Nueva Generaci\u00f3n (CJNG), dedicado a la distribuci\u00f3n de drogas en la capital del pa\u00eds y\u00a0Estado de M\u00e9xico. A trav\u00e9s de un comunicado, indic\u00f3 que la captura la realizaron&nbsp;elementos [&hellip;]<\/p>\n","protected":false},"author":2,"featured_media":98662,"comment_status":"open","ping_status":"open","sticky":false,"template":"","format":"standard","meta":{"footnotes":""},"categories":[23],"tags":[],"class_list":["post-98661","post","type-post","status-publish","format-standard","has-post-thumbnail","hentry","category-policiacas"],"_links":{"self":[{"href":"https:\/\/elcuartopoder.com.mx\/nw\/wp-json\/wp\/v2\/posts\/98661","targetHints":{"allow":["GET"]}}],"collection":[{"href":"https:\/\/elcuartopoder.com.mx\/nw\/wp-json\/wp\/v2\/posts"}],"about":[{"href":"https:\/\/elcuartopoder.com.mx\/nw\/wp-json\/wp\/v2\/types\/post"}],"author":[{"embeddable":true,"href":"https:\/\/elcuartopoder.com.mx\/nw\/wp-json\/wp\/v2\/users\/2"}],"replies":[{"embeddable":true,"href":"https:\/\/elcuartopoder.com.mx\/nw\/wp-json\/wp\/v2\/comments?post=98661"}],"version-history":[{"count":1,"href":"https:\/\/elcuartopoder.com.mx\/nw\/wp-json\/wp\/v2\/posts\/98661\/revisions"}],"predecessor-version":[{"id":98663,"href":"https:\/\/elcuartopoder.com.mx\/nw\/wp-json\/wp\/v2\/posts\/98661\/revisions\/98663"}],"wp:featuredmedia":[{"embeddable":true,"href":"https:\/\/elcuartopoder.com.mx\/nw\/wp-json\/wp\/v2\/media\/98662"}],"wp:attachment":[{"href":"https:\/\/elcuartopoder.com.mx\/nw\/wp-json\/wp\/v2\/media?parent=98661"}],"wp:term":[{"taxonomy":"category","embeddable":true,"href":"https:\/\/elcuartopoder.com.mx\/nw\/wp-json\/wp\/v2\/categories?post=98661"},{"taxonomy":"post_tag","embeddable":true,"href":"https:\/\/elcuartopoder.com.mx\/nw\/wp-json\/wp\/v2\/tags?post=98661"}],"curies":[{"name":"wp","href":"https:\/\/api.w.org\/{rel}","templated":true}]}}