{"id":98672,"date":"2021-12-02T13:10:52","date_gmt":"2021-12-02T18:10:52","guid":{"rendered":"http:\/\/elcuartopoder.com.mx\/nw\/?p=98672"},"modified":"2021-12-02T13:10:54","modified_gmt":"2021-12-02T18:10:54","slug":"juan-pablo-de-botton-director-de-nafin-sera-el-nuevo-subecretario-de-egresos-amlo","status":"publish","type":"post","link":"https:\/\/elcuartopoder.com.mx\/nw\/politica\/juan-pablo-de-botton-director-de-nafin-sera-el-nuevo-subecretario-de-egresos-amlo\/","title":{"rendered":"Juan Pablo de Botton, director de Nafin, ser\u00e1 el nuevo subecretario de Egresos: AMLO"},"content":{"rendered":"\n<p>En conferencia de prensa esta ma\u00f1ana, el presidente Andr\u00e9s Manuel L\u00f3pez Obrador, indic\u00f3 que Juan Pablo de Botton, quien actualmente es el director de Nafin, ser\u00e1 el nuevo subsecretario de Egresos.<\/p>\n\n\n\n<p>\u00abJuan Pablo de Botton,&nbsp;actualmente director de Nafin y Bancomext, ser\u00e1 el nuevo subsecretario de Egresos de la Secretar\u00eda de Hacienda tras la salida de Victoria Rodr\u00edguez Ceja para encabezar el Banco de M\u00e9xico\u00bb, anunci\u00f3.<\/p>\n\n\n\n<p>Por otro lado,\u00a0El mandatario descart\u00f3 que realice m\u00e1s cambios en lo que resta de su administraci\u00f3n.<\/p>\n\n\n\n<p style=\"text-align:left\"><strong>Fuente<\/strong>: XEU<\/p>\n","protected":false},"excerpt":{"rendered":"<p>En conferencia de prensa esta ma\u00f1ana, el presidente Andr\u00e9s Manuel L\u00f3pez Obrador, indic\u00f3 que Juan Pablo de Botton, quien actualmente es el director de Nafin, ser\u00e1 el nuevo subsecretario de Egresos. \u00abJuan Pablo de Botton,&nbsp;actualmente director de Nafin y Bancomext, ser\u00e1 el nuevo subsecretario de Egresos de la Secretar\u00eda de Hacienda tras la salida de [&hellip;]<\/p>\n","protected":false},"author":2,"featured_media":98673,"comment_status":"open","ping_status":"open","sticky":false,"template":"","format":"standard","meta":{"footnotes":""},"categories":[61],"tags":[],"class_list":["post-98672","post","type-post","status-publish","format-standard","has-post-thumbnail","hentry","category-politica"],"_links":{"self":[{"href":"https:\/\/elcuartopoder.com.mx\/nw\/wp-json\/wp\/v2\/posts\/98672","targetHints":{"allow":["GET"]}}],"collection":[{"href":"https:\/\/elcuartopoder.com.mx\/nw\/wp-json\/wp\/v2\/posts"}],"about":[{"href":"https:\/\/elcuartopoder.com.mx\/nw\/wp-json\/wp\/v2\/types\/post"}],"author":[{"embeddable":true,"href":"https:\/\/elcuartopoder.com.mx\/nw\/wp-json\/wp\/v2\/users\/2"}],"replies":[{"embeddable":true,"href":"https:\/\/elcuartopoder.com.mx\/nw\/wp-json\/wp\/v2\/comments?post=98672"}],"version-history":[{"count":1,"href":"https:\/\/elcuartopoder.com.mx\/nw\/wp-json\/wp\/v2\/posts\/98672\/revisions"}],"predecessor-version":[{"id":98674,"href":"https:\/\/elcuartopoder.com.mx\/nw\/wp-json\/wp\/v2\/posts\/98672\/revisions\/98674"}],"wp:featuredmedia":[{"embeddable":true,"href":"https:\/\/elcuartopoder.com.mx\/nw\/wp-json\/wp\/v2\/media\/98673"}],"wp:attachment":[{"href":"https:\/\/elcuartopoder.com.mx\/nw\/wp-json\/wp\/v2\/media?parent=98672"}],"wp:term":[{"taxonomy":"category","embeddable":true,"href":"https:\/\/elcuartopoder.com.mx\/nw\/wp-json\/wp\/v2\/categories?post=98672"},{"taxonomy":"post_tag","embeddable":true,"href":"https:\/\/elcuartopoder.com.mx\/nw\/wp-json\/wp\/v2\/tags?post=98672"}],"curies":[{"name":"wp","href":"https:\/\/api.w.org\/{rel}","templated":true}]}}