{"id":98675,"date":"2021-12-02T13:16:14","date_gmt":"2021-12-02T18:16:14","guid":{"rendered":"http:\/\/elcuartopoder.com.mx\/nw\/?p=98675"},"modified":"2021-12-02T13:16:15","modified_gmt":"2021-12-02T18:16:15","slug":"se-han-recapturado-a-3-de-9-reos-que-escaparon-de-carcel-de-tula-afirma-amlo","status":"publish","type":"post","link":"https:\/\/elcuartopoder.com.mx\/nw\/nacionales\/se-han-recapturado-a-3-de-9-reos-que-escaparon-de-carcel-de-tula-afirma-amlo\/","title":{"rendered":"Se han recapturado a 3 de 9 reos que escaparon de c\u00e1rcel de Tula, afirma AMLO"},"content":{"rendered":"\n<p>En conferencia de prensa esta ma\u00f1ana, el presidente Andr\u00e9s Manuel L\u00f3pez Obrador, inform\u00f3 que se han recapturado a tres de los nueves reos que escaparon de la c\u00e1rcel del municipio de Tula, Hidalgo.<\/p>\n\n\n\n<p>\u00abHasta el momento, 3 de los 9 reos que se fugaron del penal de Tula, Hidalgo, tras la irrupci\u00f3n de un comando fueron recapitulados\u00bb, indic\u00f3 el mandatario.<\/p>\n\n\n\n<p>Incluso, detall\u00f3 que\u00a0en la reuni\u00f3n de seguridad de este jueves se abord\u00f3 el tema y asegur\u00f3 que se tienen plenamente identificados a todos los que irrumpieron en el penal.<\/p>\n\n\n\n<p><strong>Fuente:<\/strong> XEU<\/p>\n","protected":false},"excerpt":{"rendered":"<p>En conferencia de prensa esta ma\u00f1ana, el presidente Andr\u00e9s Manuel L\u00f3pez Obrador, inform\u00f3 que se han recapturado a tres de los nueves reos que escaparon de la c\u00e1rcel del municipio de Tula, Hidalgo. \u00abHasta el momento, 3 de los 9 reos que se fugaron del penal de Tula, Hidalgo, tras la irrupci\u00f3n de un comando [&hellip;]<\/p>\n","protected":false},"author":2,"featured_media":98676,"comment_status":"open","ping_status":"open","sticky":false,"template":"","format":"standard","meta":{"footnotes":""},"categories":[55],"tags":[],"class_list":["post-98675","post","type-post","status-publish","format-standard","has-post-thumbnail","hentry","category-nacionales"],"_links":{"self":[{"href":"https:\/\/elcuartopoder.com.mx\/nw\/wp-json\/wp\/v2\/posts\/98675","targetHints":{"allow":["GET"]}}],"collection":[{"href":"https:\/\/elcuartopoder.com.mx\/nw\/wp-json\/wp\/v2\/posts"}],"about":[{"href":"https:\/\/elcuartopoder.com.mx\/nw\/wp-json\/wp\/v2\/types\/post"}],"author":[{"embeddable":true,"href":"https:\/\/elcuartopoder.com.mx\/nw\/wp-json\/wp\/v2\/users\/2"}],"replies":[{"embeddable":true,"href":"https:\/\/elcuartopoder.com.mx\/nw\/wp-json\/wp\/v2\/comments?post=98675"}],"version-history":[{"count":1,"href":"https:\/\/elcuartopoder.com.mx\/nw\/wp-json\/wp\/v2\/posts\/98675\/revisions"}],"predecessor-version":[{"id":98677,"href":"https:\/\/elcuartopoder.com.mx\/nw\/wp-json\/wp\/v2\/posts\/98675\/revisions\/98677"}],"wp:featuredmedia":[{"embeddable":true,"href":"https:\/\/elcuartopoder.com.mx\/nw\/wp-json\/wp\/v2\/media\/98676"}],"wp:attachment":[{"href":"https:\/\/elcuartopoder.com.mx\/nw\/wp-json\/wp\/v2\/media?parent=98675"}],"wp:term":[{"taxonomy":"category","embeddable":true,"href":"https:\/\/elcuartopoder.com.mx\/nw\/wp-json\/wp\/v2\/categories?post=98675"},{"taxonomy":"post_tag","embeddable":true,"href":"https:\/\/elcuartopoder.com.mx\/nw\/wp-json\/wp\/v2\/tags?post=98675"}],"curies":[{"name":"wp","href":"https:\/\/api.w.org\/{rel}","templated":true}]}}