{"id":98678,"date":"2021-12-02T13:20:52","date_gmt":"2021-12-02T18:20:52","guid":{"rendered":"http:\/\/elcuartopoder.com.mx\/nw\/?p=98678"},"modified":"2021-12-02T13:20:53","modified_gmt":"2021-12-02T18:20:53","slug":"valida-tribunal-electoral-que-consulta-de-revocacion-de-mandato-sea-el-10-de-abril","status":"publish","type":"post","link":"https:\/\/elcuartopoder.com.mx\/nw\/opinion\/valida-tribunal-electoral-que-consulta-de-revocacion-de-mandato-sea-el-10-de-abril\/","title":{"rendered":"Valida Tribunal Electoral que consulta de revocaci\u00f3n de mandato sea el 10 de abril"},"content":{"rendered":"\n<p>El Tribunal Electoral del Poder Judicial de la Federaci\u00f3n (TEPJF) aprob\u00f3 que la consulta para revocaci\u00f3n de mandato se lleve a cabo el 10 de abril del 2022 y que se compruebe de forma muestral, casa por casa, que las personas que presuntamente dieron su firma en apoyo para dicho ejercicio lo hicieran de forma libre y consciente.<\/p>\n\n\n\n<p>El TEPJF tambi\u00e9n orden\u00f3 al Instituto Nacional Electoral (INE) analizar si Morena us\u00f3 financiamiento p\u00fablico de manera indebida para promover que la ciudadan\u00eda vote por una \u201cratificaci\u00f3n\u201d del presidente Andr\u00e9s Manuel L\u00f3pez Obrador.<\/p>\n\n\n\n<p>En la sesi\u00f3n, en tres proyectos distintos de los magistrados Jos\u00e9 Luis Vargas, Felipe de la Mata Piza\u00f1a e Indalfer Infante, las y los magistrados de la Sala Superior determinaron en definitiva c\u00f3mo quedar\u00e1n establecidos los criterios y fechas para realizar la revocaci\u00f3n de mandato.<\/p>\n\n\n\n<p>En la impugnaci\u00f3n a cargo del magistrado Jos\u00e9 Luis Vargas, avalaron por unanimidad que la votaci\u00f3n se lleve a cabo el domingo 10 de abril y no el 27 de marzo, como estaba planteado inicialmente, para que se puedan recibir, revisar y validar los cientos de miles de firmas impresas de respaldo para dicho ejercicio.<\/p>\n\n\n\n<p>En el mismo expediente, tanto Morena como Gabriela Georgina Jim\u00e9nez, ex candidata de ese partido, que pretend\u00edan frentar que el INE realizara visitas a domicilio a una muestra de las personas que habr\u00edan entregado sus firmas para respaldar el ejercicio, pues consideraban que se trata de \u201cactos de molestia innecesarios por excesivos\u201d.<\/p>\n\n\n\n<p>No obstante, las y los magistrados respaldaron que se trata incluso de una obligaci\u00f3n que marca la Ley Federal de Revocaci\u00f3n de Mandato para dar certeza y corroborar la autenticidad de las firmas, adem\u00e1s, de la preocupaci\u00f3n previa de que las firmas en papel han presentado en ejercicios anteriores inconsistencia, como ser de personas que ya murieron o que est\u00e1n en prisi\u00f3n, o que incluso nunca se enteraron de que usaron sus datos personales.<\/p>\n\n\n\n<p><strong>Fuente: <\/strong>XEU<\/p>\n","protected":false},"excerpt":{"rendered":"<p>El Tribunal Electoral del Poder Judicial de la Federaci\u00f3n (TEPJF) aprob\u00f3 que la consulta para revocaci\u00f3n de mandato se lleve a cabo el 10 de abril del 2022 y que se compruebe de forma muestral, casa por casa, que las personas que presuntamente dieron su firma en apoyo para dicho ejercicio lo hicieran de forma [&hellip;]<\/p>\n","protected":false},"author":2,"featured_media":98679,"comment_status":"open","ping_status":"open","sticky":false,"template":"","format":"standard","meta":{"footnotes":""},"categories":[62],"tags":[],"class_list":["post-98678","post","type-post","status-publish","format-standard","has-post-thumbnail","hentry","category-opinion"],"_links":{"self":[{"href":"https:\/\/elcuartopoder.com.mx\/nw\/wp-json\/wp\/v2\/posts\/98678","targetHints":{"allow":["GET"]}}],"collection":[{"href":"https:\/\/elcuartopoder.com.mx\/nw\/wp-json\/wp\/v2\/posts"}],"about":[{"href":"https:\/\/elcuartopoder.com.mx\/nw\/wp-json\/wp\/v2\/types\/post"}],"author":[{"embeddable":true,"href":"https:\/\/elcuartopoder.com.mx\/nw\/wp-json\/wp\/v2\/users\/2"}],"replies":[{"embeddable":true,"href":"https:\/\/elcuartopoder.com.mx\/nw\/wp-json\/wp\/v2\/comments?post=98678"}],"version-history":[{"count":1,"href":"https:\/\/elcuartopoder.com.mx\/nw\/wp-json\/wp\/v2\/posts\/98678\/revisions"}],"predecessor-version":[{"id":98680,"href":"https:\/\/elcuartopoder.com.mx\/nw\/wp-json\/wp\/v2\/posts\/98678\/revisions\/98680"}],"wp:featuredmedia":[{"embeddable":true,"href":"https:\/\/elcuartopoder.com.mx\/nw\/wp-json\/wp\/v2\/media\/98679"}],"wp:attachment":[{"href":"https:\/\/elcuartopoder.com.mx\/nw\/wp-json\/wp\/v2\/media?parent=98678"}],"wp:term":[{"taxonomy":"category","embeddable":true,"href":"https:\/\/elcuartopoder.com.mx\/nw\/wp-json\/wp\/v2\/categories?post=98678"},{"taxonomy":"post_tag","embeddable":true,"href":"https:\/\/elcuartopoder.com.mx\/nw\/wp-json\/wp\/v2\/tags?post=98678"}],"curies":[{"name":"wp","href":"https:\/\/api.w.org\/{rel}","templated":true}]}}