{"id":98698,"date":"2021-12-02T20:48:04","date_gmt":"2021-12-03T01:48:04","guid":{"rendered":"http:\/\/elcuartopoder.com.mx\/nw\/?p=98698"},"modified":"2021-12-02T20:48:06","modified_gmt":"2021-12-03T01:48:06","slug":"grupo-de-puebla-la-izquierda-bolivariana-coge-aire-arropada-por-zapatero","status":"publish","type":"post","link":"https:\/\/elcuartopoder.com.mx\/nw\/editorial\/grupo-de-puebla-la-izquierda-bolivariana-coge-aire-arropada-por-zapatero\/","title":{"rendered":"Grupo de Puebla: la izquierda bolivariana coge aire arropada por Zapatero"},"content":{"rendered":"\n<h2 class=\"wp-block-heading\">El expresidente espa\u00f1ol detalla una hoja de ruta para alejar a Iberoam\u00e9rica de EE.UU. y acercarla entre otros a China<\/h2>\n\n\n\n<h2 class=\"wp-block-heading\">Los ponentes defienden la creaci\u00f3n de un nuevo organismo multilateral de izquierda que desbanque a la OEA<\/h2>\n\n\n\n<p>El llamado&nbsp;<strong>Grupo de Puebla<\/strong>, que agrupa a decenas de l\u00edderes de izquierda de Iberoam\u00e9rica, ha cerrado en M\u00e9xico su s\u00e9ptimo encuentro con una hoja de ruta para lograr un cambio de gran relevancia e inminente en el continente americano: un dominio casi completo de la izquierda, que ya&nbsp;<strong>aspira a imponerse tambi\u00e9n en Chile y Brasil y, no descarta Colombia<\/strong>, tras victorias decisivas en otros pa\u00edses. Respalda tambi\u00e9n ese grupo el proyecto de M\u00e9xico de crear un nuevo organismo de representaci\u00f3n multilateral que sustituya a la Organizaci\u00f3n de los Estados Americanos, cuya sede est\u00e1 en Washington.<\/p>\n\n\n\n<p>En esta reuni\u00f3n del Grupo de Puebla estuvieron presentes 150 l\u00edderes de Espa\u00f1a y Am\u00e9rica entre los que destacan, sobre todo, exmandatarios. Aparte del expresidente del Gobierno <strong>Jos\u00e9 Luis Rodr\u00edguez Zapatero,<\/strong>\u00a0han visitado M\u00e9xico\u00a0<strong>Juan Carlos Monedero<\/strong>, exsecretario de Proceso Constituyente y Programa de Podemos; y Gerardo Pisarello, teniente alcalde de Barcelona hasta 2019. El juez condenado por prevaricaci\u00f3n<strong>\u00a0Baltasar Garz\u00f3n\u00a0<\/strong>intervino virtualmente expresando su preocupaci\u00f3n por la corrupci\u00f3n y la independencia judicial, como miembro del Consejo Latinoamericano de Justicia y Democracia (CLAJUD), que a su vez fue creado hace dos a\u00f1os por el Grupo de Puebla.<\/p>\n\n\n\n<p>Zapatero se ha convertido en una suerte de nexo de uni\u00f3n de las izquierdas latinoamericanas, en especial por el apoyo que tiene del r\u00e9gimen chavista por su buena sinton\u00eda con&nbsp;<a href=\"https:\/\/www.abc.es\/internacional\/abci-nicolas-maduro-tirano-chavista-arruino-paraiso-petrolero-caribe-202111210130_noticia.html\">Nicol\u00e1s Maduro&nbsp;<\/a>y su c\u00edrculo m\u00e1s \u00edntimo. En sus varias intervenciones ante el Grupo de Puebla, que fue fundado en 2019, ha defendido la necesidad de poner a Estados Unidos \u00aben una situaci\u00f3n imposible\u00bb mediante un acercamiento, entre otros, a China, que est\u00e1 entrando de forma decisiva en los mercados de inversiones latinoamericanos.<\/p>\n\n\n\n<p>En su intervenci\u00f3n ante esta primera reuni\u00f3n presencial del Grupo de Puebla en la pandemia, Zapatero se felicit\u00f3 por el avance de la izquierda en el continente. \u00ab&nbsp;<a href=\"https:\/\/www.abc.es\/internacional\/abci-izquierda-abre-camino-honduras-victoria-xiomara-castro-202111300050_noticia.html\">Xiomara Castro&nbsp;<\/a>ser\u00e1 la primera presidenta de Honduras en la historia. Es una noticia muy importante, important\u00edsima en Centroam\u00e9rica, que siempre est\u00e1 con tantos problemas sociales\u00bb, dijo, antes de ofrecer su apoyo al candidato chileno&nbsp;<a href=\"https:\/\/www.abc.es\/internacional\/abci-kast-y-boric-disputaran-presidencia-chile-segunda-vuelta-19-diciembre-202111220107_noticia.html\">Gabriel Boric<\/a>&nbsp;en la segunda vuelta de las elecciones presidenciales que tendr\u00e1n lugar en Chile este mes. Zapatero dijo que un triunfo del conservador&nbsp;<strong>Jos\u00e9 Antonio Kast&nbsp;<\/strong>devolver\u00eda a Chile a un tiempo que \u00abnos duele y nos conmueve\u00bb, en referencia a la dictadura.<\/p>\n\n\n\n<p>En la reuni\u00f3n estaba presente la&nbsp;<strong>expresidenta brasile\u00f1a Dilma Rousseff<\/strong>, quien vaticin\u00f3 el regreso de&nbsp;<strong>Luis In\u00e1cio Lula da Silva<\/strong>, de su mismo Partido de los Trabajadores, al poder en Brasil, como garant\u00eda para detener \u00abel neofascismo\u00bb. Seg\u00fan dijo Zapatero, \u00abla victoria de Lula en Brasil va a cambiar el continente y el orden internacional y ojal\u00e1 d\u00e9 lugar a una alianza estrecha entre M\u00e9xico y Brasil con dos presidentes progresistas en un momento tan decisivo hist\u00f3ricamente\u00bb.<\/p>\n\n\n\n<p>Las elecciones en Brasil tendr\u00e1n lugar dentro de un a\u00f1o. Como L\u00f3pez Obrador en M\u00e9xico, Lula se ha resistido a condenar los&nbsp;<strong>abusos contra los derechos humanos de las dictaduras en Cuba y Venezuela.<\/strong><\/p>\n\n\n\n<p>Este diario pudo hablar con miembros del entorno de Zapatero durante su visita a M\u00e9xico, y estos dijeron que el expresidente trat\u00f3 temas como el ritmo de vacunaci\u00f3n en Espa\u00f1a y el alarmante n\u00famero de \u00abnegacionistas\u00bb de las vacunas. Zapatero tambi\u00e9n dijo a sus interlocutores que el Gobierno espa\u00f1ol de coalici\u00f3n goza de buena salud y una buena relaci\u00f3n al haber logrado el acuerdo en los presupuestos para el a\u00f1o que viene \u00abpor lo que tiene la legislatura parlamentariamente saldada y no habr\u00e1 sobresaltos\u00bb. De ese modo, daba a las izquierdas latinoamericanas la garant\u00eda de que tendr\u00e1n&nbsp;<strong>socios fiables en el poder en Espa\u00f1a al menos hasta finales de 2023<\/strong>.<\/p>\n\n\n\n<p>Respecto a la oposici\u00f3n espa\u00f1ola, Zapatero ha declarado en M\u00e9xico que \u00abla derecha est\u00e1 derechizada, movilizada y, en fin, muy negativa en todo. No como la derecha latinoamericana, pero se va pareciendo\u00bb, dijo.<\/p>\n\n\n\n<p>Zapatero tambi\u00e9n acudi\u00f3 a un acto del Movimiento de Regeneraci\u00f3n Nacional (Morena), el partido del presidente mexicano Andr\u00e9s Manuel L\u00f3pez. La cita congreg\u00f3 a Rousseff, al expresidente de Ecuador,&nbsp;<strong>Rafael Correa,<\/strong>&nbsp;al presidente de Paraguay hasta 2012 y actual senador, Fernando Lugo, y al ex secretario general de Unasur y presidente de Colombia hasta 1998,&nbsp;<strong>Ernesto Samper<\/strong>. Zapatero prefiri\u00f3 emplazar a ABC a una entrevista cerrada con cinco periodistas de los que s\u00f3lo a tres se les permit\u00eda formular preguntas.<\/p>\n\n\n\n<p>El expresidente colombiano Ernesto Samper expres\u00f3 en este foro que se acercan m\u00e1s \u00abvientos progresistas\u00bb en las elecciones de Chile y de Brasil. Tambi\u00e9n vaticin\u00f3 el auge de la izquierda en las elecciones de Colombia en 2022 porque, dijo, \u00abno solamente nos estamos jugando la democracia sino la vida, la diferencia entre la paz y la guerra\u00bb.<\/p>\n\n\n\n<p>Rodr\u00edguez Zapatero lleva meses promoviendo un cambio en la OEA, a la que acusa de haberse alienado en exceso con EE.UU. Seg\u00fan pudo saber este diario, en varias conversaciones hace un a\u00f1o en Madrid circul\u00f3 la idea de&nbsp;<strong>desbancar al actual secretario general, Luis Almagro.<\/strong><\/p>\n\n\n\n<p>Varios participantes del Grupo de Puebla defendieron la idea, tambi\u00e9n avanzada por&nbsp;<strong>L\u00f3pez Obrador en M\u00e9xico<\/strong>, de crear un nuevo organismo paralelo a la OEA. Seg\u00fan dijo el pol\u00edtico chileno&nbsp;<strong>Marco Enr\u00edquez Ominami<\/strong>&nbsp;en una entrevista concedida a Efe, \u00abla OEA dio un golpe de Estado en Bolivia y no puede salir gratis, muri\u00f3 gente. Lo que ha hecho la diplomacia mexicana es un planteamiento robusto: hay que renovar eso\u00bb. Se refiere el pol\u00edtico chileno a la renuncia y huida de Evo Morales depu\u00e9s de que la misi\u00f3n de observaci\u00f3n de la OEA revelara<strong>&nbsp;irregularidades en el recuento electoral de las presidenciales de 2019<\/strong>.<\/p>\n\n\n\n<p>Por: Borja Rama\/David Alandete<\/p>\n\n\n\n<p>fuente: https:\/\/www.abc.es\/internacional\/abci-grupo-puebla-izquierda-bolivariana-coge-aire-arropada-zapatero-202112012121_noticia.html<\/p>\n","protected":false},"excerpt":{"rendered":"<p>El expresidente espa\u00f1ol detalla una hoja de ruta para alejar a Iberoam\u00e9rica de EE.UU. y acercarla entre otros a China Los ponentes defienden la creaci\u00f3n de un nuevo organismo multilateral de izquierda que desbanque a la OEA El llamado&nbsp;Grupo de Puebla, que agrupa a decenas de l\u00edderes de izquierda de Iberoam\u00e9rica, ha cerrado en M\u00e9xico [&hellip;]<\/p>\n","protected":false},"author":2,"featured_media":98699,"comment_status":"open","ping_status":"open","sticky":false,"template":"","format":"standard","meta":{"footnotes":""},"categories":[63],"tags":[],"class_list":["post-98698","post","type-post","status-publish","format-standard","has-post-thumbnail","hentry","category-editorial"],"_links":{"self":[{"href":"https:\/\/elcuartopoder.com.mx\/nw\/wp-json\/wp\/v2\/posts\/98698","targetHints":{"allow":["GET"]}}],"collection":[{"href":"https:\/\/elcuartopoder.com.mx\/nw\/wp-json\/wp\/v2\/posts"}],"about":[{"href":"https:\/\/elcuartopoder.com.mx\/nw\/wp-json\/wp\/v2\/types\/post"}],"author":[{"embeddable":true,"href":"https:\/\/elcuartopoder.com.mx\/nw\/wp-json\/wp\/v2\/users\/2"}],"replies":[{"embeddable":true,"href":"https:\/\/elcuartopoder.com.mx\/nw\/wp-json\/wp\/v2\/comments?post=98698"}],"version-history":[{"count":1,"href":"https:\/\/elcuartopoder.com.mx\/nw\/wp-json\/wp\/v2\/posts\/98698\/revisions"}],"predecessor-version":[{"id":98700,"href":"https:\/\/elcuartopoder.com.mx\/nw\/wp-json\/wp\/v2\/posts\/98698\/revisions\/98700"}],"wp:featuredmedia":[{"embeddable":true,"href":"https:\/\/elcuartopoder.com.mx\/nw\/wp-json\/wp\/v2\/media\/98699"}],"wp:attachment":[{"href":"https:\/\/elcuartopoder.com.mx\/nw\/wp-json\/wp\/v2\/media?parent=98698"}],"wp:term":[{"taxonomy":"category","embeddable":true,"href":"https:\/\/elcuartopoder.com.mx\/nw\/wp-json\/wp\/v2\/categories?post=98698"},{"taxonomy":"post_tag","embeddable":true,"href":"https:\/\/elcuartopoder.com.mx\/nw\/wp-json\/wp\/v2\/tags?post=98698"}],"curies":[{"name":"wp","href":"https:\/\/api.w.org\/{rel}","templated":true}]}}