{"id":98704,"date":"2021-12-02T20:58:37","date_gmt":"2021-12-03T01:58:37","guid":{"rendered":"http:\/\/elcuartopoder.com.mx\/nw\/?p=98704"},"modified":"2021-12-02T21:08:49","modified_gmt":"2021-12-03T02:08:49","slug":"el-covid-19-no-dana-el-cerebro-del-feto","status":"publish","type":"post","link":"https:\/\/elcuartopoder.com.mx\/nw\/entretenimiento\/salud\/el-covid-19-no-dana-el-cerebro-del-feto\/","title":{"rendered":"El Covid-19 no da\u00f1a el cerebro del feto"},"content":{"rendered":"\n<h2 class=\"wp-block-heading\">La probabilidad y el impacto de una transmisi\u00f3n vertical, siguen sin estar claros, pero este estudio ha determinado seg\u00fan sus observaciones que no hay cambios ni infecci\u00f3n en su cerebro tras la infecci\u00f3n de la madre en casos leves y moderados<\/h2>\n\n\n\n<p>La infecci\u00f3n grave leve a moderada por Covid-19, no tiene ning\u00fan efecto en el cerebro del feto en desarrollo, seg\u00fan un estudio presentado hoy en la reuni\u00f3n anual de la&nbsp;<a href=\"https:\/\/www.rsna.org\/\" target=\"_blank\" rel=\"noreferrer noopener\">Sociedad Radiol\u00f3gica de Am\u00e9rica del Norte.<\/a><\/p>\n\n\n\n<p>Dos a\u00f1os despu\u00e9s del inicio de la pandemia existe la certeza de que las mujeres embarazadas son m\u00e1s vulnerables al virus SARS-CoV-2. Sin embargo, todav\u00eda se sabe poco sobre las posibles consecuencias que puede sufrir el feto si la madre se infecta durante el embarazo.<\/p>\n\n\n\n<p>\u00abA las mujeres infectadas con SARS-CoV-2 durante el embarazo les suele preocupar que el virus pueda afectar al desarrollo del feto, como ocurre en el caso de otras infecciones v\u00edricas\u00bb, apunta la autora principal del estudio, Sophia St\u00f6cklein, del Departamento de Radiolog\u00eda en la&nbsp;<a href=\"https:\/\/www.lmu.de\/en\/\" target=\"_blank\" rel=\"noreferrer noopener\">Universidad Ludwig Maximilian de Munich<\/a>.<\/p>\n\n\n\n<p>\u00abHasta ahora, aunque existen algunos informes de transmisi\u00f3n vertical al feto, el riesgo y el impacto exactos, siguen sin estar claros. El objetivo de nuestro estudio fue estudiar sobre el efecto de la infecci\u00f3n materna de la enfermedad en el desarrollo del cerebro fetal\u00bb.<\/p>\n\n\n\n<p>St\u00f6cklein y sus colegas utilizaron la resonancia magn\u00e9tica fetal para estudiar&nbsp;<strong>a 33 embarazadas con infecci\u00f3n por Covid-19 durante el embarazo. Las pacientes ten\u00edan aproximadamente 28 semanas de embarazo, de promedio, y los s\u00edntomas aparec\u00edan alrededor de las 18 semanas de embarazo<\/strong>. Los s\u00edntomas maternos m\u00e1s comunes fueron p\u00e9rdida o disminuci\u00f3n del sentido del olfato y del gusto, tos seca, fiebre y dificultad para respirar.<\/p>\n\n\n\n<p>\u00abA trav\u00e9s de este an\u00e1lisis se descubri\u00f3 que el desarrollo del cerebro era el est\u00e1ndar para la edad de todos los fetos. No hubo s\u00edntomas indicativos de infecci\u00f3n del cerebro\u00bb. \u00abEste hecho deber\u00eda ayudar a tranquilizar a los padres afectados\u00bb, a\u00f1ade St\u00f6cklein.<\/p>\n\n\n\n<p>La parte negativa del estudio es que s\u00f3lo se incluyeron en el estudio a mujeres con s\u00edntomas<strong>&nbsp;leves a moderados y sin hospitalizaci\u00f3n<\/strong>.<em>\u00abA trav\u00e9s de este an\u00e1lisis se descubri\u00f3 que el desarrollo del cerebro era el est\u00e1ndar para la edad de todos los fetos. No hubo s\u00edntomas indicativos de infecci\u00f3n del cerebro\u00bb<\/em><\/p>\n\n\n\n<p>Dado que no se ha determinado de manera concluyente el no impacto de una infecci\u00f3n grave en el desarrollo del cerebro del feto, la protecci\u00f3n activa contra la infecci\u00f3n por SARS-CoV-2 durante el embarazo sigue siendo importante\u00bb a\u00f1adi\u00f3.<\/p>\n\n\n\n<p>Se recomienda como forma de protecci\u00f3n, la<strong>&nbsp;vacunaci\u00f3n para todas&nbsp;<\/strong>las personas mayores de 12 a\u00f1os, incluidas las mujeres que est\u00e1n embarazadas o que piensan quedarse embarazadas\u00bb<\/p>\n\n\n\n<p>\u00abHasta ahora, la vacunaci\u00f3n es la protecci\u00f3n m\u00e1s efectiva contra Covid-19\u00bb, finaliza St\u00f6cklein. \u00abCualquier efecto secundario es manejable, incluso en este estado. Por lo tanto, a pesar de los alentadores resultados de nuestro estudio, las embarazadas deben vacunarse, sin duda\u00bb .<\/p>\n\n\n\n<p>Con el fin de que el estudio sea m\u00e1s completo, los investigadores seguir\u00e1n a las familias durante los pr\u00f3ximos cinco a\u00f1os, <strong>se incluir\u00e1 una evaluaci\u00f3n neonatal detallada, adem\u00e1s de la valoraci\u00f3n de su desarrollo neurol\u00f3gico.<\/strong><\/p>\n\n\n\n<p>fuente: https:\/\/www.abc.es\/salud\/enfermedades\/abci-covid-19-no-dana-cerebro-feto-202111301943_noticia.html<\/p>\n","protected":false},"excerpt":{"rendered":"<p>La probabilidad y el impacto de una transmisi\u00f3n vertical, siguen sin estar claros, pero este estudio ha determinado seg\u00fan sus observaciones que no hay cambios ni infecci\u00f3n en su cerebro tras la infecci\u00f3n de la madre en casos leves y moderados La infecci\u00f3n grave leve a moderada por Covid-19, no tiene ning\u00fan efecto en el [&hellip;]<\/p>\n","protected":false},"author":2,"featured_media":98705,"comment_status":"open","ping_status":"open","sticky":false,"template":"","format":"standard","meta":{"footnotes":""},"categories":[58,56],"tags":[],"class_list":["post-98704","post","type-post","status-publish","format-standard","has-post-thumbnail","hentry","category-qtp","category-salud"],"_links":{"self":[{"href":"https:\/\/elcuartopoder.com.mx\/nw\/wp-json\/wp\/v2\/posts\/98704","targetHints":{"allow":["GET"]}}],"collection":[{"href":"https:\/\/elcuartopoder.com.mx\/nw\/wp-json\/wp\/v2\/posts"}],"about":[{"href":"https:\/\/elcuartopoder.com.mx\/nw\/wp-json\/wp\/v2\/types\/post"}],"author":[{"embeddable":true,"href":"https:\/\/elcuartopoder.com.mx\/nw\/wp-json\/wp\/v2\/users\/2"}],"replies":[{"embeddable":true,"href":"https:\/\/elcuartopoder.com.mx\/nw\/wp-json\/wp\/v2\/comments?post=98704"}],"version-history":[{"count":2,"href":"https:\/\/elcuartopoder.com.mx\/nw\/wp-json\/wp\/v2\/posts\/98704\/revisions"}],"predecessor-version":[{"id":98707,"href":"https:\/\/elcuartopoder.com.mx\/nw\/wp-json\/wp\/v2\/posts\/98704\/revisions\/98707"}],"wp:featuredmedia":[{"embeddable":true,"href":"https:\/\/elcuartopoder.com.mx\/nw\/wp-json\/wp\/v2\/media\/98705"}],"wp:attachment":[{"href":"https:\/\/elcuartopoder.com.mx\/nw\/wp-json\/wp\/v2\/media?parent=98704"}],"wp:term":[{"taxonomy":"category","embeddable":true,"href":"https:\/\/elcuartopoder.com.mx\/nw\/wp-json\/wp\/v2\/categories?post=98704"},{"taxonomy":"post_tag","embeddable":true,"href":"https:\/\/elcuartopoder.com.mx\/nw\/wp-json\/wp\/v2\/tags?post=98704"}],"curies":[{"name":"wp","href":"https:\/\/api.w.org\/{rel}","templated":true}]}}